{"id":40436,"date":"2020-09-30T16:29:38","date_gmt":"2020-09-30T19:29:38","guid":{"rendered":"https:\/\/sindenfermeiro.com.br\/?p=40436"},"modified":"2026-04-27T04:10:29","modified_gmt":"2026-04-27T07:10:29","slug":"sindenfermeiro-participa-de-ato-na-esplanada-dos-ministerios-contra-a-reforma-administrativa","status":"publish","type":"post","link":"https:\/\/sindenfermeiro.com.br\/index.php\/2020\/09\/30\/sindenfermeiro-participa-de-ato-na-esplanada-dos-ministerios-contra-a-reforma-administrativa\/","title":{"rendered":"SindEnfermeiro participa de ato na Esplanada dos Minist\u00e9rios contra a Reforma Administrativa"},"content":{"rendered":"<style type=\"text\/css\">\n#foogallery-gallery-40439 .fg-image { width: 640px; }<\/style>\n\t\t\t<div class=\"foogallery foogallery-container foogallery-image-viewer foogallery-link-image foogallery-lightbox-none fg-center fg-image-viewer fg-ready fg-light fg-border-thin fg-shadow-outline fg-loading-default fg-loaded-fade-in fg-caption-hover fg-hover-fade fg-hover-zoom\" id=\"foogallery-gallery-40439\" data-foogallery=\"{&quot;item&quot;:{&quot;showCaptionTitle&quot;:true,&quot;showCaptionDescription&quot;:true},&quot;lazy&quot;:true,&quot;template&quot;:{&quot;loop&quot;:true}}\" style=\"--fg-title-line-clamp: 0; --fg-description-line-clamp: 0;\" >\n\t<div class=\"fiv-inner\">\n\t\t<div class=\"fiv-inner-container\">\n\t\t\t<div class=\"fg-item fg-type-image fg-idle\"><figure class=\"fg-item-inner\"><a href=\"https:\/\/sindenfermeiro.com.br\/wp-content\/uploads\/2020\/09\/WhatsApp-Image-2020-09-30-at-11.57.18.jpeg\" data-attachment-id=\"40448\" data-type=\"image\" class=\"fg-thumb\"><span class=\"fg-image-wrap\"><img fetchpriority=\"high\" decoding=\"async\" width=\"640\" height=\"360\" class=\"skip-lazy fg-image\" data-src-fg=\"https:\/\/sindenfermeiro.com.br\/wp-content\/uploads\/cache\/2020\/09\/WhatsApp-Image-2020-09-30-at-11_57_18\/1469579033.jpeg\" src=\"data:image\/svg+xml,%3Csvg%20xmlns%3D%22http%3A%2F%2Fwww.w3.org%2F2000%2Fsvg%22%20width%3D%22640%22%20height%3D%22360%22%20viewBox%3D%220%200%20640%20360%22%3E%3C%2Fsvg%3E\" loading=\"eager\"><\/span><span class=\"fg-image-overlay\"><\/span><\/a><\/figure><div class=\"fg-loader\"><\/div><\/div><div class=\"fg-item fg-type-image fg-idle\"><figure class=\"fg-item-inner\"><a href=\"https:\/\/sindenfermeiro.com.br\/wp-content\/uploads\/2020\/09\/WhatsApp-Image-2020-09-30-at-11.57.16-1.jpeg\" data-attachment-id=\"40447\" data-type=\"image\" class=\"fg-thumb\"><span class=\"fg-image-wrap\"><img decoding=\"async\" width=\"640\" height=\"360\" class=\"skip-lazy fg-image\" data-src-fg=\"https:\/\/sindenfermeiro.com.br\/wp-content\/uploads\/cache\/2020\/09\/WhatsApp-Image-2020-09-30-at-11_57_16-1\/3599680990.jpeg\" src=\"data:image\/svg+xml,%3Csvg%20xmlns%3D%22http%3A%2F%2Fwww.w3.org%2F2000%2Fsvg%22%20width%3D%22640%22%20height%3D%22360%22%20viewBox%3D%220%200%20640%20360%22%3E%3C%2Fsvg%3E\" loading=\"eager\"><\/span><span class=\"fg-image-overlay\"><\/span><\/a><\/figure><div class=\"fg-loader\"><\/div><\/div><div class=\"fg-item fg-type-image fg-idle\"><figure class=\"fg-item-inner\"><a href=\"https:\/\/sindenfermeiro.com.br\/wp-content\/uploads\/2020\/09\/WhatsApp-Image-2020-09-30-at-11.57.13.jpeg\" data-attachment-id=\"40440\" data-type=\"image\" class=\"fg-thumb\"><span class=\"fg-image-wrap\"><img decoding=\"async\" width=\"640\" height=\"360\" class=\"skip-lazy fg-image\" data-src-fg=\"https:\/\/sindenfermeiro.com.br\/wp-content\/uploads\/cache\/2020\/09\/WhatsApp-Image-2020-09-30-at-11_57_13\/496791275.jpeg\" src=\"data:image\/svg+xml,%3Csvg%20xmlns%3D%22http%3A%2F%2Fwww.w3.org%2F2000%2Fsvg%22%20width%3D%22640%22%20height%3D%22360%22%20viewBox%3D%220%200%20640%20360%22%3E%3C%2Fsvg%3E\" loading=\"eager\"><\/span><span class=\"fg-image-overlay\"><\/span><\/a><\/figure><div class=\"fg-loader\"><\/div><\/div><div class=\"fg-item fg-type-image fg-idle\"><figure class=\"fg-item-inner\"><a href=\"https:\/\/sindenfermeiro.com.br\/wp-content\/uploads\/2020\/09\/WhatsApp-Image-2020-09-30-at-11.57.14-1.jpeg\" data-attachment-id=\"40441\" data-type=\"image\" class=\"fg-thumb\"><span class=\"fg-image-wrap\"><img decoding=\"async\" width=\"640\" height=\"360\" class=\"skip-lazy fg-image\" data-src-fg=\"https:\/\/sindenfermeiro.com.br\/wp-content\/uploads\/cache\/2020\/09\/WhatsApp-Image-2020-09-30-at-11_57_14-1\/44298886.jpeg\" src=\"data:image\/svg+xml,%3Csvg%20xmlns%3D%22http%3A%2F%2Fwww.w3.org%2F2000%2Fsvg%22%20width%3D%22640%22%20height%3D%22360%22%20viewBox%3D%220%200%20640%20360%22%3E%3C%2Fsvg%3E\" loading=\"eager\"><\/span><span class=\"fg-image-overlay\"><\/span><\/a><\/figure><div class=\"fg-loader\"><\/div><\/div><div class=\"fg-item fg-type-image fg-idle\"><figure class=\"fg-item-inner\"><a href=\"https:\/\/sindenfermeiro.com.br\/wp-content\/uploads\/2020\/09\/WhatsApp-Image-2020-09-30-at-11.57.14-2.jpeg\" data-attachment-id=\"40442\" data-type=\"image\" class=\"fg-thumb\"><span class=\"fg-image-wrap\"><img decoding=\"async\" width=\"640\" height=\"360\" class=\"skip-lazy fg-image\" data-src-fg=\"https:\/\/sindenfermeiro.com.br\/wp-content\/uploads\/cache\/2020\/09\/WhatsApp-Image-2020-09-30-at-11_57_14-2\/2427882031.jpeg\" src=\"data:image\/svg+xml,%3Csvg%20xmlns%3D%22http%3A%2F%2Fwww.w3.org%2F2000%2Fsvg%22%20width%3D%22640%22%20height%3D%22360%22%20viewBox%3D%220%200%20640%20360%22%3E%3C%2Fsvg%3E\" loading=\"eager\"><\/span><span class=\"fg-image-overlay\"><\/span><\/a><\/figure><div class=\"fg-loader\"><\/div><\/div><div class=\"fg-item fg-type-image fg-idle\"><figure class=\"fg-item-inner\"><a href=\"https:\/\/sindenfermeiro.com.br\/wp-content\/uploads\/2020\/09\/WhatsApp-Image-2020-09-30-at-11.57.14.jpeg\" data-attachment-id=\"40443\" data-type=\"image\" class=\"fg-thumb\"><span class=\"fg-image-wrap\"><img decoding=\"async\" width=\"640\" height=\"360\" class=\"skip-lazy fg-image\" data-src-fg=\"https:\/\/sindenfermeiro.com.br\/wp-content\/uploads\/cache\/2020\/09\/WhatsApp-Image-2020-09-30-at-11_57_14\/1771004356.jpeg\" src=\"data:image\/svg+xml,%3Csvg%20xmlns%3D%22http%3A%2F%2Fwww.w3.org%2F2000%2Fsvg%22%20width%3D%22640%22%20height%3D%22360%22%20viewBox%3D%220%200%20640%20360%22%3E%3C%2Fsvg%3E\" loading=\"eager\"><\/span><span class=\"fg-image-overlay\"><\/span><\/a><\/figure><div class=\"fg-loader\"><\/div><\/div><div class=\"fg-item fg-type-image fg-idle\"><figure class=\"fg-item-inner\"><a href=\"https:\/\/sindenfermeiro.com.br\/wp-content\/uploads\/2020\/09\/WhatsApp-Image-2020-09-30-at-11.57.15-1.jpeg\" data-attachment-id=\"40444\" data-type=\"image\" class=\"fg-thumb\"><span class=\"fg-image-wrap\"><img decoding=\"async\" width=\"640\" height=\"360\" class=\"skip-lazy fg-image\" data-src-fg=\"https:\/\/sindenfermeiro.com.br\/wp-content\/uploads\/cache\/2020\/09\/WhatsApp-Image-2020-09-30-at-11_57_15-1\/3841255347.jpeg\" src=\"data:image\/svg+xml,%3Csvg%20xmlns%3D%22http%3A%2F%2Fwww.w3.org%2F2000%2Fsvg%22%20width%3D%22640%22%20height%3D%22360%22%20viewBox%3D%220%200%20640%20360%22%3E%3C%2Fsvg%3E\" loading=\"eager\"><\/span><span class=\"fg-image-overlay\"><\/span><\/a><\/figure><div class=\"fg-loader\"><\/div><\/div><div class=\"fg-item fg-type-image fg-idle\"><figure class=\"fg-item-inner\"><a href=\"https:\/\/sindenfermeiro.com.br\/wp-content\/uploads\/2020\/09\/WhatsApp-Image-2020-09-30-at-11.57.15.jpeg\" data-attachment-id=\"40445\" data-type=\"image\" class=\"fg-thumb\"><span class=\"fg-image-wrap\"><img decoding=\"async\" width=\"640\" height=\"360\" class=\"skip-lazy fg-image\" data-src-fg=\"https:\/\/sindenfermeiro.com.br\/wp-content\/uploads\/cache\/2020\/09\/WhatsApp-Image-2020-09-30-at-11_57_15\/1578152011.jpeg\" src=\"data:image\/svg+xml,%3Csvg%20xmlns%3D%22http%3A%2F%2Fwww.w3.org%2F2000%2Fsvg%22%20width%3D%22640%22%20height%3D%22360%22%20viewBox%3D%220%200%20640%20360%22%3E%3C%2Fsvg%3E\" loading=\"eager\"><\/span><span class=\"fg-image-overlay\"><\/span><\/a><\/figure><div class=\"fg-loader\"><\/div><\/div>\t\t<\/div>\n\t\t<div class=\"fiv-ctrls\">\n\t\t\t<button type=\"button\" class=\"fiv-prev\" title=\"Prev\"><span>Prev<\/span><\/button>\n\t\t\t<label class=\"fiv-count\"><span class=\"fiv-count-current\">1<\/span>of<span class=\"fiv-count-total\">8<\/span><\/label>\n\t\t\t<button type=\"button\" class=\"fiv-next\" title=\"Next\"><span>Next<\/span><\/button>\n\t\t<\/div>\n\t<\/div>\n<\/div>\n<p>Na manh\u00e3 de hoje (30), servidores p\u00fablicos e entidades de classe de diversas categorias do funcionalismo p\u00fablico se reuniram, em atos realizados em nove estados e o Distrito Federal, para protestar contra a Reforma Administrativa do governo Bolsonaro. Em Bras\u00edlia, o ato se concentrou na Esplanada dos Minist\u00e9rios, e contou com a presen\u00e7a do Sindicato dos Enfermeiros do Distrito Federal (SindEnfermeiro-DF), representado pelo diretor Adriano Lim\u00edrio.<\/p>\n<p>As manifesta\u00e7\u00f5es em todo o pa\u00eds foram organizadas para pressionar o governo a desistir da Proposta de Emenda Constitucional 32\/2020 \u2013 que estabelece a reforma no funcionalismo p\u00fablico, e retira direitos dos trabalhadores mais vulner\u00e1veis enquanto estabelece o incentivo de pr\u00e1ticas como o nepotismo, persegui\u00e7\u00e3o pol\u00edtica e o aparelhamento da m\u00e1quina estatal.<\/p>\n<p>Para Adriano, a PEC representa uma grave agress\u00e3o ao Estado democr\u00e1tico de direito, ferindo inclusive pontos expl\u00edcitos em nossa Constitui\u00e7\u00e3o e trazendo um grave precedente para a destrui\u00e7\u00e3o de mecanismos essenciais, como o Sistema \u00danico de Sa\u00fade (SUS).<\/p>\n<p>\u201cA Reforma Administrativa vai ser extremamente prejudicial n\u00e3o apenas para a presta\u00e7\u00e3o dos servi\u00e7os p\u00fablicos junto \u00e0 popula\u00e7\u00e3o, mas tamb\u00e9m significa um desrespeito aos direitos fundamentais dos brasileiros \u2013 garantidos em nossa Constitui\u00e7\u00e3o\u201d, avalia.<\/p>\n<p>O diretor do SindEnfermeiro ressaltou, ainda, que a reforma pode levar ao enfraquecimento dos organismos respons\u00e1veis por fiscalizar e normatizar a presta\u00e7\u00e3o do servi\u00e7o p\u00fablico \u2013 levando \u00e0 situa\u00e7\u00f5es como a que p\u00f4de ser vista durante a pandemia, onde, segundo ele, \u201cocorreram interven\u00e7\u00f5es falacionistas por parte do Governo Federal defendendo o uso de um medicamento sem qualquer comprova\u00e7\u00e3o cient\u00edfica de efic\u00e1cia\u201d.<\/p>\n<p>O SindEnfermeiro-DF estar\u00e1 acompanhando de perto todos os desdobramentos da Reforma, e reitera a sua posi\u00e7\u00e3o contr\u00e1ria a mais essa agress\u00e3o do atual governo ao funcionalismo p\u00fablico, que s\u00f3 refor\u00e7a ainda mais as desigualdades entre os servidores e preserva justamente os privil\u00e9gios daqueles que pouco ou nada t\u00eam feito pela sociedade brasileira.<\/p>\n<p>Entenda o PEC 32\/2020<\/p>\n<p>A Reforma Administrativa do governo Bolsonaro prev\u00ea a reorganiza\u00e7\u00e3o de toda a estrutura do funcionalismo p\u00fablico, mas exclui justamente as classes de servidores que s\u00e3o respons\u00e1veis pelos maiores gastos da Uni\u00e3o \u2013 como membros dos Tr\u00eas Poderes, parlamentares, militares, magistrados e membros do Minist\u00e9rio P\u00fablico, e que possuem benef\u00edcios bem acima da realidade de grande parte dos brasileiros.<\/p>\n<p>Alguns dos principais pontos da proposta s\u00e3o:<\/p>\n<p>\u2022 Mais poderes ao presidente para extinguir ou readequar cargos, gratifica\u00e7\u00f5es, fun\u00e7\u00f5es e \u00f3rg\u00e3os, transformar cargos vagos e reorganizar autarquias e funda\u00e7\u00f5es \u2013 o que pode acabar com mecanismos como o SUS.<br \/>\n\u2022 Cargos estrat\u00e9gicos nos n\u00edveis mais altos da adm. p\u00fablica, como secret\u00e1rios e assessores poder\u00e3o ser nomeados livremente pelo governo.<br \/>\n\u2022 Para os chamados cargos de lideran\u00e7a e assessoramento, n\u00e3o haver\u00e1 necessidade de concurso \u2013 fator que pode levar ao enfraquecimento do funcionalismo e favorecer pr\u00e1ticas como o apadrinhamento e nepotismo.<br \/>\n\u2022 Fim da estabilidade e possibilidade de exonera\u00e7\u00e3o por \u201cdesempenho insuficiente\u201d. O precedente \u00e9 perigoso e pode levar a situa\u00e7\u00f5es como persegui\u00e7\u00e3o pol\u00edtico-ideol\u00f3gica a servidores que tenham opini\u00f5es contr\u00e1rias ao governo.<br \/>\n\u2022 Fim da licen\u00e7a-pr\u00eamio, adicionais por tempo de servi\u00e7o e aumentos retroativos.<\/p>\n","protected":false},"excerpt":{"rendered":"<p>Na manh\u00e3 de hoje (30), servidores p\u00fablicos e entidades de classe de diversas categorias do funcionalismo p\u00fablico se reuniram, em atos realizados em nove estados e o Distrito Federal, para protestar contra a Reforma Administrativa do governo Bolsonaro. Em Bras\u00edlia, o ato se concentrou na Esplanada dos Minist\u00e9rios, e contou com a presen\u00e7a do Sindicato [&hellip;]<\/p>\n","protected":false},"author":6,"featured_media":40448,"comment_status":"open","ping_status":"open","sticky":false,"template":"","format":"standard","meta":{"footnotes":""},"categories":[6,5],"tags":[214,613,352,165],"class_list":["post-40436","post","type-post","status-publish","format-standard","has-post-thumbnail","hentry","category-noticias","category-rede-publica","tag-ato","tag-forabolsonaro","tag-reforma-administrativa","tag-sus"],"_links":{"self":[{"href":"https:\/\/sindenfermeiro.com.br\/index.php\/wp-json\/wp\/v2\/posts\/40436","targetHints":{"allow":["GET"]}}],"collection":[{"href":"https:\/\/sindenfermeiro.com.br\/index.php\/wp-json\/wp\/v2\/posts"}],"about":[{"href":"https:\/\/sindenfermeiro.com.br\/index.php\/wp-json\/wp\/v2\/types\/post"}],"author":[{"embeddable":true,"href":"https:\/\/sindenfermeiro.com.br\/index.php\/wp-json\/wp\/v2\/users\/6"}],"replies":[{"embeddable":true,"href":"https:\/\/sindenfermeiro.com.br\/index.php\/wp-json\/wp\/v2\/comments?post=40436"}],"version-history":[{"count":1,"href":"https:\/\/sindenfermeiro.com.br\/index.php\/wp-json\/wp\/v2\/posts\/40436\/revisions"}],"predecessor-version":[{"id":40449,"href":"https:\/\/sindenfermeiro.com.br\/index.php\/wp-json\/wp\/v2\/posts\/40436\/revisions\/40449"}],"wp:featuredmedia":[{"embeddable":true,"href":"https:\/\/sindenfermeiro.com.br\/index.php\/wp-json\/wp\/v2\/media\/40448"}],"wp:attachment":[{"href":"https:\/\/sindenfermeiro.com.br\/index.php\/wp-json\/wp\/v2\/media?parent=40436"}],"wp:term":[{"taxonomy":"category","embeddable":true,"href":"https:\/\/sindenfermeiro.com.br\/index.php\/wp-json\/wp\/v2\/categories?post=40436"},{"taxonomy":"post_tag","embeddable":true,"href":"https:\/\/sindenfermeiro.com.br\/index.php\/wp-json\/wp\/v2\/tags?post=40436"}],"curies":[{"name":"wp","href":"https:\/\/api.w.org\/{rel}","templated":true}]}}