{"id":40429,"date":"2020-09-30T08:53:16","date_gmt":"2020-09-30T11:53:16","guid":{"rendered":"https:\/\/sindenfermeiro.com.br\/?p=40429"},"modified":"2026-04-26T22:43:43","modified_gmt":"2026-04-27T01:43:43","slug":"reestruturacao-do-plano-de-cargos-e-salarios-e-debatida-em-reuniao-do-sindenfermeiro","status":"publish","type":"post","link":"https:\/\/sindenfermeiro.com.br\/index.php\/2020\/09\/30\/reestruturacao-do-plano-de-cargos-e-salarios-e-debatida-em-reuniao-do-sindenfermeiro\/","title":{"rendered":"Reestrutura\u00e7\u00e3o do Plano de Cargos e Sal\u00e1rios \u00e9 debatida em reuni\u00e3o do SindEnfermeiro"},"content":{"rendered":"<p><img loading=\"lazy\" decoding=\"async\" class=\"aligncenter wp-image-40431 \" src=\"https:\/\/sindenfermeiro.com.br\/wp-content\/uploads\/2020\/09\/WhatsApp-Image-2020-09-29-at-15.04.03-1024x768.jpeg\" alt=\"\" width=\"602\" height=\"451\" srcset=\"https:\/\/sindenfermeiro.com.br\/wp-content\/uploads\/2020\/09\/WhatsApp-Image-2020-09-29-at-15.04.03-1024x768.jpeg 1024w, https:\/\/sindenfermeiro.com.br\/wp-content\/uploads\/2020\/09\/WhatsApp-Image-2020-09-29-at-15.04.03-300x225.jpeg 300w, https:\/\/sindenfermeiro.com.br\/wp-content\/uploads\/2020\/09\/WhatsApp-Image-2020-09-29-at-15.04.03-768x576.jpeg 768w, https:\/\/sindenfermeiro.com.br\/wp-content\/uploads\/2020\/09\/WhatsApp-Image-2020-09-29-at-15.04.03.jpeg 1280w\" sizes=\"auto, (max-width: 602px) 100vw, 602px\" \/><\/p>\n<p>Na tarde de ontem (29), o Sindicato dos Enfermeiros do Distrito Federal (SindEnfermeiro-DF) se reuniu no gabinete do deputado distrital Jorge Vianna (Podemos) para articular a retomada das negocia\u00e7\u00f5es sobre a reestrutura\u00e7\u00e3o do Plano de Cargos e Sal\u00e1rios dos enfermeiros que atuam na rede p\u00fablica, al\u00e9m da derrubada do veto ao piso salarial da rede privada.<\/p>\n<p>Na reuni\u00e3o com o parlamentar, a presidente do sindicato, Dayse Amar\u00edlio e o diretor-executivo Tarc\u00edsio Faria apresentaram o andamento das tratativas junto ao Governo, al\u00e9m de trazer um estudo sobre o impacto or\u00e7ament\u00e1rio da medida nos cofres p\u00fablicos.<\/p>\n<p>Na pr\u00f3xima semana, ser\u00e1 realizada mais uma reuni\u00e3o para dar prosseguimento \u00e0s negocia\u00e7\u00f5es \u2013 desta vez, com o chefe da Casa Civil do GDF, Gustavo Rocha.<\/p>\n","protected":false},"excerpt":{"rendered":"<p>Na tarde de ontem (29), o Sindicato dos Enfermeiros do Distrito Federal (SindEnfermeiro-DF) se reuniu no gabinete do deputado distrital Jorge Vianna (Podemos) para articular a retomada das negocia\u00e7\u00f5es sobre a reestrutura\u00e7\u00e3o do Plano de Cargos e Sal\u00e1rios dos enfermeiros que atuam na rede p\u00fablica, al\u00e9m da derrubada do veto ao piso salarial da rede [&hellip;]<\/p>\n","protected":false},"author":6,"featured_media":40431,"comment_status":"open","ping_status":"open","sticky":false,"template":"","format":"standard","meta":{"footnotes":""},"categories":[6,13,5],"tags":[53,612,21],"class_list":["post-40429","post","type-post","status-publish","format-standard","has-post-thumbnail","hentry","category-noticias","category-rede-privada","category-rede-publica","tag-piso-salarial","tag-plano-de-cargos-e-salarios","tag-sindenfermeiro"],"_links":{"self":[{"href":"https:\/\/sindenfermeiro.com.br\/index.php\/wp-json\/wp\/v2\/posts\/40429","targetHints":{"allow":["GET"]}}],"collection":[{"href":"https:\/\/sindenfermeiro.com.br\/index.php\/wp-json\/wp\/v2\/posts"}],"about":[{"href":"https:\/\/sindenfermeiro.com.br\/index.php\/wp-json\/wp\/v2\/types\/post"}],"author":[{"embeddable":true,"href":"https:\/\/sindenfermeiro.com.br\/index.php\/wp-json\/wp\/v2\/users\/6"}],"replies":[{"embeddable":true,"href":"https:\/\/sindenfermeiro.com.br\/index.php\/wp-json\/wp\/v2\/comments?post=40429"}],"version-history":[{"count":5,"href":"https:\/\/sindenfermeiro.com.br\/index.php\/wp-json\/wp\/v2\/posts\/40429\/revisions"}],"predecessor-version":[{"id":40435,"href":"https:\/\/sindenfermeiro.com.br\/index.php\/wp-json\/wp\/v2\/posts\/40429\/revisions\/40435"}],"wp:featuredmedia":[{"embeddable":true,"href":"https:\/\/sindenfermeiro.com.br\/index.php\/wp-json\/wp\/v2\/media\/40431"}],"wp:attachment":[{"href":"https:\/\/sindenfermeiro.com.br\/index.php\/wp-json\/wp\/v2\/media?parent=40429"}],"wp:term":[{"taxonomy":"category","embeddable":true,"href":"https:\/\/sindenfermeiro.com.br\/index.php\/wp-json\/wp\/v2\/categories?post=40429"},{"taxonomy":"post_tag","embeddable":true,"href":"https:\/\/sindenfermeiro.com.br\/index.php\/wp-json\/wp\/v2\/tags?post=40429"}],"curies":[{"name":"wp","href":"https:\/\/api.w.org\/{rel}","templated":true}]}}