{"id":40415,"date":"2020-09-28T17:00:47","date_gmt":"2020-09-28T20:00:47","guid":{"rendered":"https:\/\/sindenfermeiro.com.br\/?p=40415"},"modified":"2026-04-26T22:42:16","modified_gmt":"2026-04-27T01:42:16","slug":"forca-tarefa-acao-conjunta-covid-19-apresenta-relatorio-de-visitas-em-seminario-da-cldf","status":"publish","type":"post","link":"https:\/\/sindenfermeiro.com.br\/index.php\/2020\/09\/28\/forca-tarefa-acao-conjunta-covid-19-apresenta-relatorio-de-visitas-em-seminario-da-cldf\/","title":{"rendered":"For\u00e7a-tarefa A\u00e7\u00e3o Conjunta Covid-19 apresenta relat\u00f3rio de visitas em semin\u00e1rio da CLDF"},"content":{"rendered":"<p style=\"text-align: justify\">O grupo de entidades representativas da sa\u00fade e de \u00f3rg\u00e3os de fiscaliza\u00e7\u00e3o, denominado A\u00e7\u00e3o Conjunta Covid-19, apresentou na \u00faltima sexta-feira (25), o relat\u00f3rio das visitas feitas pela for\u00e7a-tarefa. A iniciativa surgiu em mar\u00e7o, no in\u00edcio da pandemia da Covid-19, e tinha como objetivo fiscalizar os servi\u00e7os de sa\u00fade no Distrito Federal e investigar as condi\u00e7\u00f5es de trabalho dos profissionais da linha de frente e para garantir o direito dos usu\u00e1rios do Sistema \u00danico de Sa\u00fade (SUS).<\/p>\n<p style=\"text-align: justify\"><strong>Uni\u00e3o em defesa da popula\u00e7\u00e3o e dos trabalhadores<\/strong><\/p>\n<p style=\"text-align: justify\">No in\u00edcio, a For\u00e7a-tarefa era formada por cerca de cinco institui\u00e7\u00f5es, entre elas o Sindicato dos Enfermeiros do Distrito Federal, como lembra Dayse Amar\u00edlio, presidente do SindEnfermeiro-DF que esteve presente em in\u00fameras visitas. \u201cCome\u00e7amos com poucas institui\u00e7\u00f5es, al\u00e9m de fiscalizar, t\u00ednhamos a inten\u00e7\u00e3o de sermos propositivos, principalmente no momento em que a uni\u00e3o com os gestores seria extremamente importante no enfrentamento da pandemia\u201d, afirma Dayse.<\/p>\n<p style=\"text-align: justify\">\u201cA iniciativa foi maior do que esper\u00e1vamos, porque vimos a necessidade da participa\u00e7\u00e3o dos \u00f3rg\u00e3os de controle social. Mesmo com fiscaliza\u00e7\u00e3o, observamos que ainda houve uma situa\u00e7\u00e3o muito dif\u00edcil, que culminou com a Opera\u00e7\u00e3o Falso Negativo e que n\u00f3s sabemos que \u00e9 s\u00f3 a ponta do iceberg. No entanto a uni\u00e3o entre for\u00e7a representativa e a conscientiza\u00e7\u00e3o foram muito importantes para despertamos na sociedade a import\u00e2ncia de defender o SUS\u201d, finaliza a presidente do SindEnfermeiro.<\/p>\n<p style=\"text-align: justify\"><strong>Dificuldades encontradas e documentadas<\/strong><\/p>\n<p style=\"text-align: justify\">O relat\u00f3rio foi apresentado durante o webin\u00e1rio Direito \u00e0 Sa\u00fade \u2013 desafios no enfrentamento \u00e0 Covid-19, organizado pela C\u00e2mara Legislativa do Distrito Federal (CLDF). A apresenta\u00e7\u00e3o detalhou os seis meses de trabalho da for\u00e7a-tarefa, que nesse tempo, realizou 28 visitas em unidades de sa\u00fade por todo o DF. A A\u00e7\u00e3o Conjunta encontrou diversas irregularidades, entre elas, problemas no fornecimento de equipamentos de prote\u00e7\u00e3o individual (EPIs), falta de dimensionamento das equipes de enfermagem, trabalhadores com sobrecarga de trabalho, falta de leitos e insumos b\u00e1sicos para atendimento e tratamento dos pacientes com o novo coronav\u00edrus.<\/p>\n<p style=\"text-align: justify\">No documento feito em conjunto pelas entidades, tamb\u00e9m continham provid\u00eancias a serem tomadas e recomenda\u00e7\u00f5es para que os problemas fossem resolvidos. A A\u00e7\u00e3o Conjunta Covid-19 atualmente \u00e9 composta pelo SindEnfermeiro-DF, COREN-DF, Comiss\u00e3o de Direito \u00e0 Sa\u00fade da OAB-DF, Conselho Regional de Sa\u00fade de Bras\u00edlia \u2013 CRSB, CRM-DF, a Comiss\u00e3o de Direitos Humanos, Cidadania, \u00c9tica e Decoro Parlamentar da C\u00e2mara Legislativa do Distrito Federal, ABEn, SINDATE e Comiss\u00e3o de Direitos Humanos, Cidadania e \u00c9tica da CLDF.<\/p>\n<p style=\"text-align: justify\">Para o diretor executivo do SindEnfermeiro-DF, Tarc\u00edsio Faria, que participou de diversas visitas de fiscaliza\u00e7\u00e3o, o grupo teve papel fundamental para mostrar as condi\u00e7\u00f5es que a popula\u00e7\u00e3o e os trabalhadores estavam submetidos. \u201cA A\u00e7\u00e3o Conjunta foi important\u00edssima ao longo dessa pandemia que estamos enfrentando, porque foi atrav\u00e9s das nossas visitas e den\u00fancias que as vozes dos enfermeiros e dos servidores da sa\u00fade foram ouvidas\u201d, aponta Tarc\u00edsio.<\/p>\n<p style=\"text-align: justify\">Durante os 180 dias, as entidades visitaram e fiscalizaram Unidades de Pronto Atendimento (UPAs), unidades hospitalares e os hospitais de campanha do Est\u00e1dio Nacional e o da Pol\u00edcia Militar. O trabalhado desenvolvido pela for\u00e7a-tarefa foi t\u00e3o importante para a sa\u00fade do Distrito Federal que, nos pr\u00f3ximos dias, algumas entidades que comp\u00f5e o grupo ir\u00e3o se reunir e decidir os pr\u00f3ximos rumos da for\u00e7a-tarefa.<\/p>\n<p style=\"text-align: justify\">De acordo com a presidente do SindEnfermeiro, Dayse Amar\u00edlio, &#8220;ainda existem muitos desafios p\u00f3s pandemia, demandas reprimidas, cirurgias, especialidades, n\u00e3o podemos esquecer tamb\u00e9m que ainda n\u00e3o conseguimos garantir as condi\u00e7\u00f5es m\u00ednimas de trabalho para os trabalhadores, especialmente para a enfermagem, que desempenha papel fundamental em todos os servi\u00e7os de sa\u00fade&#8221;, finaliza Dayse.<\/p>\n<p><a href=\"https:\/\/sindenfermeiro.com.br\/wp-content\/uploads\/2020\/09\/relacaocovid19.pdf\">Leia aqui o relat\u00f3rio completo.<\/a><\/p>\n","protected":false},"excerpt":{"rendered":"<p>O grupo de entidades representativas da sa\u00fade e de \u00f3rg\u00e3os de fiscaliza\u00e7\u00e3o, denominado A\u00e7\u00e3o Conjunta Covid-19, apresentou na \u00faltima sexta-feira (25), o relat\u00f3rio das visitas feitas pela for\u00e7a-tarefa. A iniciativa surgiu em mar\u00e7o, no in\u00edcio da pandemia da Covid-19, e tinha como objetivo fiscalizar os servi\u00e7os de sa\u00fade no Distrito Federal e investigar as condi\u00e7\u00f5es [&hellip;]<\/p>\n","protected":false},"author":6,"featured_media":40425,"comment_status":"open","ping_status":"open","sticky":false,"template":"","format":"standard","meta":{"footnotes":""},"categories":[6,13,5],"tags":[502,454,7,109,567,236,21],"class_list":["post-40415","post","type-post","status-publish","format-standard","has-post-thumbnail","hentry","category-noticias","category-rede-privada","category-rede-publica","tag-acao-conjunta","tag-covid-19","tag-enfermagem","tag-fiscaliza-sindenfermeiro","tag-fiscalizacao","tag-ses","tag-sindenfermeiro"],"_links":{"self":[{"href":"https:\/\/sindenfermeiro.com.br\/index.php\/wp-json\/wp\/v2\/posts\/40415","targetHints":{"allow":["GET"]}}],"collection":[{"href":"https:\/\/sindenfermeiro.com.br\/index.php\/wp-json\/wp\/v2\/posts"}],"about":[{"href":"https:\/\/sindenfermeiro.com.br\/index.php\/wp-json\/wp\/v2\/types\/post"}],"author":[{"embeddable":true,"href":"https:\/\/sindenfermeiro.com.br\/index.php\/wp-json\/wp\/v2\/users\/6"}],"replies":[{"embeddable":true,"href":"https:\/\/sindenfermeiro.com.br\/index.php\/wp-json\/wp\/v2\/comments?post=40415"}],"version-history":[{"count":8,"href":"https:\/\/sindenfermeiro.com.br\/index.php\/wp-json\/wp\/v2\/posts\/40415\/revisions"}],"predecessor-version":[{"id":40427,"href":"https:\/\/sindenfermeiro.com.br\/index.php\/wp-json\/wp\/v2\/posts\/40415\/revisions\/40427"}],"wp:featuredmedia":[{"embeddable":true,"href":"https:\/\/sindenfermeiro.com.br\/index.php\/wp-json\/wp\/v2\/media\/40425"}],"wp:attachment":[{"href":"https:\/\/sindenfermeiro.com.br\/index.php\/wp-json\/wp\/v2\/media?parent=40415"}],"wp:term":[{"taxonomy":"category","embeddable":true,"href":"https:\/\/sindenfermeiro.com.br\/index.php\/wp-json\/wp\/v2\/categories?post=40415"},{"taxonomy":"post_tag","embeddable":true,"href":"https:\/\/sindenfermeiro.com.br\/index.php\/wp-json\/wp\/v2\/tags?post=40415"}],"curies":[{"name":"wp","href":"https:\/\/api.w.org\/{rel}","templated":true}]}}