{"id":40406,"date":"2020-09-24T17:02:26","date_gmt":"2020-09-24T20:02:26","guid":{"rendered":"https:\/\/sindenfermeiro.com.br\/?p=40406"},"modified":"2026-04-27T04:10:44","modified_gmt":"2026-04-27T07:10:44","slug":"sindenfermeiro-visita-hrc-para-verificar-condicoes-de-trabalho-dos-servidores","status":"publish","type":"post","link":"https:\/\/sindenfermeiro.com.br\/index.php\/2020\/09\/24\/sindenfermeiro-visita-hrc-para-verificar-condicoes-de-trabalho-dos-servidores\/","title":{"rendered":"SindEnfermeiro visita HRC para verificar condi\u00e7\u00f5es de trabalho dos servidores"},"content":{"rendered":"<p><img loading=\"lazy\" decoding=\"async\" class=\"wp-image-40407 aligncenter\" src=\"https:\/\/sindenfermeiro.com.br\/wp-content\/uploads\/2020\/09\/WhatsApp-Image-2020-09-24-at-16.44.11-1024x770.jpeg\" alt=\"\" width=\"692\" height=\"520\" srcset=\"https:\/\/sindenfermeiro.com.br\/wp-content\/uploads\/2020\/09\/WhatsApp-Image-2020-09-24-at-16.44.11-1024x770.jpeg 1024w, https:\/\/sindenfermeiro.com.br\/wp-content\/uploads\/2020\/09\/WhatsApp-Image-2020-09-24-at-16.44.11-300x225.jpeg 300w, https:\/\/sindenfermeiro.com.br\/wp-content\/uploads\/2020\/09\/WhatsApp-Image-2020-09-24-at-16.44.11-768x577.jpeg 768w, https:\/\/sindenfermeiro.com.br\/wp-content\/uploads\/2020\/09\/WhatsApp-Image-2020-09-24-at-16.44.11.jpeg 1280w\" sizes=\"auto, (max-width: 692px) 100vw, 692px\" \/><\/p>\n<p>O Sindicato dos Enfermeiros do Distrito Federal (SindEnfermeiro-DF) esteve ontem (23) no Hospital Regional de Ceil\u00e2ndia (HRC), para averiguar as condi\u00e7\u00f5es de trabalho dos servidores da unidade, bem como o cumprimento dos protocolos necess\u00e1rios e a disponibilidade de insumos e medicamentos para os pacientes.<\/p>\n<p>Durante a visita, guiada pela presidente do SindEnfermeiro, Dayse Amar\u00edlio, e o diretor executivo Tarc\u00edsio Faria, foram constatadas algumas situa\u00e7\u00f5es que geram grande preocupa\u00e7\u00e3o \u2013 sendo a principal delas a falta de medicamentos essenciais para pacientes que se encontram tanto nas Unidades de Terapia Intensiva (UTIs) destinadas aos infectados com o coronav\u00edrus, como tamb\u00e9m para aqueles que est\u00e3o em tratamento intensivo para outras enfermidades.<\/p>\n<p>De acordo com Dayse, o problema \u00e9 t\u00e3o grave que <strong>duas das dez UTIs dispon\u00edveis aos pacientes com a Covid-19 est\u00e3o bloqueadas justamente por conta da falta dos medicamentos sedativos e vasopressores<\/strong>. \u201cEst\u00e3o faltando medica\u00e7\u00f5es essenciais para manter o suporte de vida aos pacientes graves, como a noradrenalina \u2013 que est\u00e1 praticamente zerada, e o midazolam, utilizado para a seda\u00e7\u00e3o dos pacientes\u201d.<\/p>\n<p>Na farm\u00e1cia da unidade, os estoques dessas medica\u00e7\u00f5es est\u00e3o muito abaixo do ideal e, segundo informa\u00e7\u00f5es apuradas durante a visita, a Secretaria de Sa\u00fade (SES-DF) n\u00e3o deu uma data concreta para o reabastecimento dos insumos em falta.<\/p>\n<p><strong>Servidores n\u00e3o s\u00e3o testados h\u00e1 quatro meses<\/strong><\/p>\n<p>Outro ponto que gerou grande apreens\u00e3o diz respeito \u00e0 testagem dos profissionais. Foi constatado que o procedimento \u2013 que deveria ter periodicidade de 15 dias \u2013 n\u00e3o est\u00e1 sendo realizado h\u00e1 4 meses, provocando um iminente risco de contamina\u00e7\u00e3o em massa na unidade, e agravando ainda mais o quadro de absente\u00edsmo dos servidores \u2013 que se encontra em uma situa\u00e7\u00e3o preocupante.<\/p>\n<p>A unidade tem convivido, ainda, com o problema do dimensionamento de pessoal \u2013 uma quest\u00e3o antiga, e que tem gerado situa\u00e7\u00f5es adversas, a exemplo de profissionais de enfermagem que est\u00e3o realizando atendimentos em duas ou mais especialidades para suprir a falta de profissionais no HRC.<\/p>\n<p>O SindEnfermeiro enviar\u00e1, nos pr\u00f3ximos dias, uma solicita\u00e7\u00e3o \u00e0 Secretaria de Sa\u00fade para buscar uma resposta sobre a previs\u00e3o de compra desses medicamentos e, al\u00e9m disso, far\u00e1 nova visita \u00e0 Farm\u00e1cia Central para verificar a disponibilidade dos mesmos, bem como o estoque de insumos e outros materiais essenciais para a presta\u00e7\u00e3o do atendimento em toda a rede p\u00fablica.<\/p>\n","protected":false},"excerpt":{"rendered":"<p>O Sindicato dos Enfermeiros do Distrito Federal (SindEnfermeiro-DF) esteve ontem (23) no Hospital Regional de Ceil\u00e2ndia (HRC), para averiguar as condi\u00e7\u00f5es de trabalho dos servidores da unidade, bem como o cumprimento dos protocolos necess\u00e1rios e a disponibilidade de insumos e medicamentos para os pacientes. Durante a visita, guiada pela presidente do SindEnfermeiro, Dayse Amar\u00edlio, e [&hellip;]<\/p>\n","protected":false},"author":6,"featured_media":40407,"comment_status":"open","ping_status":"open","sticky":false,"template":"","format":"standard","meta":{"footnotes":""},"categories":[6,5],"tags":[454,89,56,540],"class_list":["post-40406","post","type-post","status-publish","format-standard","has-post-thumbnail","hentry","category-noticias","category-rede-publica","tag-covid-19","tag-hrc","tag-sindicato","tag-visita"],"_links":{"self":[{"href":"https:\/\/sindenfermeiro.com.br\/index.php\/wp-json\/wp\/v2\/posts\/40406","targetHints":{"allow":["GET"]}}],"collection":[{"href":"https:\/\/sindenfermeiro.com.br\/index.php\/wp-json\/wp\/v2\/posts"}],"about":[{"href":"https:\/\/sindenfermeiro.com.br\/index.php\/wp-json\/wp\/v2\/types\/post"}],"author":[{"embeddable":true,"href":"https:\/\/sindenfermeiro.com.br\/index.php\/wp-json\/wp\/v2\/users\/6"}],"replies":[{"embeddable":true,"href":"https:\/\/sindenfermeiro.com.br\/index.php\/wp-json\/wp\/v2\/comments?post=40406"}],"version-history":[{"count":2,"href":"https:\/\/sindenfermeiro.com.br\/index.php\/wp-json\/wp\/v2\/posts\/40406\/revisions"}],"predecessor-version":[{"id":40410,"href":"https:\/\/sindenfermeiro.com.br\/index.php\/wp-json\/wp\/v2\/posts\/40406\/revisions\/40410"}],"wp:featuredmedia":[{"embeddable":true,"href":"https:\/\/sindenfermeiro.com.br\/index.php\/wp-json\/wp\/v2\/media\/40407"}],"wp:attachment":[{"href":"https:\/\/sindenfermeiro.com.br\/index.php\/wp-json\/wp\/v2\/media?parent=40406"}],"wp:term":[{"taxonomy":"category","embeddable":true,"href":"https:\/\/sindenfermeiro.com.br\/index.php\/wp-json\/wp\/v2\/categories?post=40406"},{"taxonomy":"post_tag","embeddable":true,"href":"https:\/\/sindenfermeiro.com.br\/index.php\/wp-json\/wp\/v2\/tags?post=40406"}],"curies":[{"name":"wp","href":"https:\/\/api.w.org\/{rel}","templated":true}]}}