{"id":40402,"date":"2020-09-24T11:46:49","date_gmt":"2020-09-24T14:46:49","guid":{"rendered":"https:\/\/sindenfermeiro.com.br\/?p=40402"},"modified":"2026-04-27T05:23:04","modified_gmt":"2026-04-27T08:23:04","slug":"cldf-derruba-veto-e-assegura-insalubridade-maxima-a-profissionais-que-estao-na-linha-de-frente-contra-o-coronavirus","status":"publish","type":"post","link":"https:\/\/sindenfermeiro.com.br\/index.php\/2020\/09\/24\/cldf-derruba-veto-e-assegura-insalubridade-maxima-a-profissionais-que-estao-na-linha-de-frente-contra-o-coronavirus\/","title":{"rendered":"CLDF derruba veto e assegura insalubridade m\u00e1xima a profissionais que est\u00e3o na linha de frente contra o coronav\u00edrus"},"content":{"rendered":"<p style=\"text-align: justify\"><span style=\"font-size: 10pt\">Foto: reprodu\u00e7\u00e3o da internet\/Google imagens<\/span><\/p>\n<p style=\"text-align: justify\">Na \u00faltima ter\u00e7a-feira (22), a C\u00e2mara Legislativa do Distrito Federal (CLDF) derrubou integralmente o veto do governador Ibaneis Rocha ao Projeto de Lei Complementar 41\/2020, que estabelece o pagamento de insalubridade em grau m\u00e1ximo aos servidores que est\u00e3o na linha de frente contra a Covid-19.<\/p>\n<p style=\"text-align: justify\">Criado pela distrital Arlete Sampaio (PT), o projeto determina que os servidores tenham direito a receber um adicional de insalubridade de 20% dos seus vencimentos. O veto ao texto foi derrubado por unanimidade, com 13 votos contr\u00e1rios.<\/p>\n<p style=\"text-align: justify\">Para presidente do SindEnfermeiro, Dayse Amar\u00edlio, a derrubada do veto representa uma vit\u00f3ria importante para os enfermeiros e todos os servidores que est\u00e3o lutando contra a Covid-19. \u201cO sindicato tamb\u00e9m entrou com uma a\u00e7\u00e3o judicial para que esse direito fosse assegurado para todos os enfermeiros \u2013 da rede p\u00fablica e privada -, mas ainda n\u00e3o conseguimos a decis\u00e3o nem administrativa nem judicialmente\u201d, pontuou Dayse.<\/p>\n<p style=\"text-align: justify\">\u201cA derrubada do veto dar\u00e1 um argumento e uma seguran\u00e7a jur\u00eddica para que possamos solicitar novamente esse direito. O SindEnfermeiro est\u00e1 fazendo empenhado para que todos os trabalhadores gozem desse direito\u201d, finalizou a presidente.<\/p>\n","protected":false},"excerpt":{"rendered":"<p>Foto: reprodu\u00e7\u00e3o da internet\/Google imagens Na \u00faltima ter\u00e7a-feira (22), a C\u00e2mara Legislativa do Distrito Federal (CLDF) derrubou integralmente o veto do governador Ibaneis Rocha ao Projeto de Lei Complementar 41\/2020, que estabelece o pagamento de insalubridade em grau m\u00e1ximo aos servidores que est\u00e3o na linha de frente contra a Covid-19. Criado pela distrital Arlete Sampaio [&hellip;]<\/p>\n","protected":false},"author":6,"featured_media":40403,"comment_status":"open","ping_status":"open","sticky":false,"template":"","format":"standard","meta":{"footnotes":""},"categories":[6,5],"tags":[],"class_list":["post-40402","post","type-post","status-publish","format-standard","has-post-thumbnail","hentry","category-noticias","category-rede-publica"],"_links":{"self":[{"href":"https:\/\/sindenfermeiro.com.br\/index.php\/wp-json\/wp\/v2\/posts\/40402","targetHints":{"allow":["GET"]}}],"collection":[{"href":"https:\/\/sindenfermeiro.com.br\/index.php\/wp-json\/wp\/v2\/posts"}],"about":[{"href":"https:\/\/sindenfermeiro.com.br\/index.php\/wp-json\/wp\/v2\/types\/post"}],"author":[{"embeddable":true,"href":"https:\/\/sindenfermeiro.com.br\/index.php\/wp-json\/wp\/v2\/users\/6"}],"replies":[{"embeddable":true,"href":"https:\/\/sindenfermeiro.com.br\/index.php\/wp-json\/wp\/v2\/comments?post=40402"}],"version-history":[{"count":4,"href":"https:\/\/sindenfermeiro.com.br\/index.php\/wp-json\/wp\/v2\/posts\/40402\/revisions"}],"predecessor-version":[{"id":41522,"href":"https:\/\/sindenfermeiro.com.br\/index.php\/wp-json\/wp\/v2\/posts\/40402\/revisions\/41522"}],"wp:featuredmedia":[{"embeddable":true,"href":"https:\/\/sindenfermeiro.com.br\/index.php\/wp-json\/wp\/v2\/media\/40403"}],"wp:attachment":[{"href":"https:\/\/sindenfermeiro.com.br\/index.php\/wp-json\/wp\/v2\/media?parent=40402"}],"wp:term":[{"taxonomy":"category","embeddable":true,"href":"https:\/\/sindenfermeiro.com.br\/index.php\/wp-json\/wp\/v2\/categories?post=40402"},{"taxonomy":"post_tag","embeddable":true,"href":"https:\/\/sindenfermeiro.com.br\/index.php\/wp-json\/wp\/v2\/tags?post=40402"}],"curies":[{"name":"wp","href":"https:\/\/api.w.org\/{rel}","templated":true}]}}