{"id":40399,"date":"2020-09-17T15:07:02","date_gmt":"2020-09-17T18:07:02","guid":{"rendered":"https:\/\/sindenfermeiro.com.br\/?p=40399"},"modified":"2026-04-26T22:43:48","modified_gmt":"2026-04-27T01:43:48","slug":"sindenfermeiro-realiza-assembleia-com-enfermeiros-do-igesdf-e-rede-privada-para-discutir-act-e-cct-dos-trabalhadores-no-bienio-2020-2021","status":"publish","type":"post","link":"https:\/\/sindenfermeiro.com.br\/index.php\/2020\/09\/17\/sindenfermeiro-realiza-assembleia-com-enfermeiros-do-igesdf-e-rede-privada-para-discutir-act-e-cct-dos-trabalhadores-no-bienio-2020-2021\/","title":{"rendered":"SindEnfermeiro realiza assembleia com enfermeiros do IGESDF e rede privada para discutir ACT e CCT dos trabalhadores no bi\u00eanio 2020\/2021"},"content":{"rendered":"<p><img loading=\"lazy\" decoding=\"async\" class=\"aligncenter wp-image-40400 \" src=\"https:\/\/sindenfermeiro.com.br\/wp-content\/uploads\/2020\/09\/enfermeiros-1024x683.jpg\" alt=\"\" width=\"671\" height=\"448\" srcset=\"https:\/\/sindenfermeiro.com.br\/wp-content\/uploads\/2020\/09\/enfermeiros-1024x683.jpg 1024w, https:\/\/sindenfermeiro.com.br\/wp-content\/uploads\/2020\/09\/enfermeiros-300x200.jpg 300w, https:\/\/sindenfermeiro.com.br\/wp-content\/uploads\/2020\/09\/enfermeiros-768x512.jpg 768w, https:\/\/sindenfermeiro.com.br\/wp-content\/uploads\/2020\/09\/enfermeiros.jpg 1500w\" sizes=\"auto, (max-width: 671px) 100vw, 671px\" \/><\/p>\n<p><span style=\"font-size: 10pt\">Foto: reprodu\u00e7\u00e3o da internet\/Google imagens<\/span><\/p>\n<p>Na noite de ontem (16), o Sindicato dos Enfermeiros do Distrito Federal (SindEnfermeiro-DF) realizou assembleia virtual com os profissionais que atuam na rede privada de sa\u00fade e com os trabalhadores do Instituto de Gest\u00e3o Estrat\u00e9gica da Sa\u00fade (IGESDF) para definir os termos da Conven\u00e7\u00e3o Coletiva de Trabalho (CCT) do primeiro grupo, e o Acordo Coletivo de Trabalho (ACT) dos profissionais do instituto. A assembleia, que foi conduzida pelo secret\u00e1rio-geral do sindicato, Jorge Henrique, e pela advogada Jacqueline Sousa, ocorreu por meio virtual atrav\u00e9s da plataforma Zoom.<\/p>\n<p>Os trabalhadores do IGESDF se manifestaram acerca das diversas reivindica\u00e7\u00f5es buscadas com o acordo \u2013 como a implementa\u00e7\u00e3o do Plano de Cargos e Sal\u00e1rios, reajuste salarial, vale-alimenta\u00e7\u00e3o para os trabalhadores dos hospitais de Santa Maria (HRSM) e de Base (HBDF), acesso \u00e0s folhas de ponto, bem como o pagamento da insalubridade aos profissionais afastados por motivos legais e o banco de horas. J\u00e1 entre as pautas reivindicadas pelos trabalhadores da rede privada est\u00e3o o reajuste salarial e a cria\u00e7\u00e3o do banco de horas.<\/p>\n<p>Na ocasi\u00e3o, tanto os profissionais da rede privada, representados pelo Sindicato Brasiliense de Hospitais, Casas de Sa\u00fade e Cl\u00ednicas (SBH), quanto os trabalhadores do IGESDF que estiveram presentes aprovaram por unanimidade os termos dos respectivos acordos, autorizando o SindEnfermeiro a prosseguir com as negocia\u00e7\u00f5es.<\/p>\n<p>Agora, o sindicato levar\u00e1 ao conhecimento do IGES e da SBH as pautas reivindicadas pelos profissionais e, ap\u00f3s as reuni\u00f5es com os respectivos \u00f3rg\u00e3os empregadores, ser\u00e1 realizada nova assembleia para apresentar \u00e0 categoria o resultado das negocia\u00e7\u00f5es, para que seja formalizada a celebra\u00e7\u00e3o dos respectivos instrumentos coletivos.<\/p>\n<p>A luta do SindEnfermeiro pelos direitos dos trabalhadores da rede privada \u00e9 cont\u00ednua, e uma das principais preocupa\u00e7\u00f5es da atual gest\u00e3o \u00e9 garantir que esses profissionais tenham os seus direitos assegurados \u2013 visto que o trabalho do sindicato \u00e9 em prol de toda a enfermagem do Distrito Federal, e n\u00e3o apenas de um ou outro grupo.<\/p>\n","protected":false},"excerpt":{"rendered":"<p>Foto: reprodu\u00e7\u00e3o da internet\/Google imagens Na noite de ontem (16), o Sindicato dos Enfermeiros do Distrito Federal (SindEnfermeiro-DF) realizou assembleia virtual com os profissionais que atuam na rede privada de sa\u00fade e com os trabalhadores do Instituto de Gest\u00e3o Estrat\u00e9gica da Sa\u00fade (IGESDF) para definir os termos da Conven\u00e7\u00e3o Coletiva de Trabalho (CCT) do primeiro [&hellip;]<\/p>\n","protected":false},"author":6,"featured_media":40400,"comment_status":"open","ping_status":"open","sticky":false,"template":"","format":"standard","meta":{"footnotes":""},"categories":[6,13],"tags":[413,313,610,21,56],"class_list":["post-40399","post","type-post","status-publish","format-standard","has-post-thumbnail","hentry","category-noticias","category-rede-privada","tag-assembleia","tag-igesdf","tag-sbh","tag-sindenfermeiro","tag-sindicato"],"_links":{"self":[{"href":"https:\/\/sindenfermeiro.com.br\/index.php\/wp-json\/wp\/v2\/posts\/40399","targetHints":{"allow":["GET"]}}],"collection":[{"href":"https:\/\/sindenfermeiro.com.br\/index.php\/wp-json\/wp\/v2\/posts"}],"about":[{"href":"https:\/\/sindenfermeiro.com.br\/index.php\/wp-json\/wp\/v2\/types\/post"}],"author":[{"embeddable":true,"href":"https:\/\/sindenfermeiro.com.br\/index.php\/wp-json\/wp\/v2\/users\/6"}],"replies":[{"embeddable":true,"href":"https:\/\/sindenfermeiro.com.br\/index.php\/wp-json\/wp\/v2\/comments?post=40399"}],"version-history":[{"count":3,"href":"https:\/\/sindenfermeiro.com.br\/index.php\/wp-json\/wp\/v2\/posts\/40399\/revisions"}],"predecessor-version":[{"id":41529,"href":"https:\/\/sindenfermeiro.com.br\/index.php\/wp-json\/wp\/v2\/posts\/40399\/revisions\/41529"}],"wp:featuredmedia":[{"embeddable":true,"href":"https:\/\/sindenfermeiro.com.br\/index.php\/wp-json\/wp\/v2\/media\/40400"}],"wp:attachment":[{"href":"https:\/\/sindenfermeiro.com.br\/index.php\/wp-json\/wp\/v2\/media?parent=40399"}],"wp:term":[{"taxonomy":"category","embeddable":true,"href":"https:\/\/sindenfermeiro.com.br\/index.php\/wp-json\/wp\/v2\/categories?post=40399"},{"taxonomy":"post_tag","embeddable":true,"href":"https:\/\/sindenfermeiro.com.br\/index.php\/wp-json\/wp\/v2\/tags?post=40399"}],"curies":[{"name":"wp","href":"https:\/\/api.w.org\/{rel}","templated":true}]}}