{"id":40397,"date":"2020-09-16T10:24:47","date_gmt":"2020-09-16T13:24:47","guid":{"rendered":"https:\/\/sindenfermeiro.com.br\/?p=40397"},"modified":"2026-04-26T23:49:47","modified_gmt":"2026-04-27T02:49:47","slug":"nota-de-repudio-nao-instauracao-da-cpi-da-pandemia","status":"publish","type":"post","link":"https:\/\/sindenfermeiro.com.br\/index.php\/2020\/09\/16\/nota-de-repudio-nao-instauracao-da-cpi-da-pandemia\/","title":{"rendered":"NOTA DE REP\u00daDIO: N\u00e3o instaura\u00e7\u00e3o da CPI da Pandemia"},"content":{"rendered":"<p>O Sindicato dos Enfermeiros do Distrito Federal vem, atrav\u00e9s desta nota, manifestar seu rep\u00fadio ao fato da C\u00e2mara Legislativa do Distrito Federal (CLDF) n\u00e3o instaurar a Comiss\u00e3o Parlamentar de Inqu\u00e9rito (CPI) que investigaria desvios e irregularidades cometidas por membros da Secretaria de Sa\u00fade do DF nesse momento de pandemia.<\/p>\n<p>\u00c9 preciso lembrar que os parlamentares que comp\u00f5e da CLDF t\u00eam o dever legal de representar e defender os interesses dos cidad\u00e3os e da sociedade, no entanto, o que vemos \u00e9 a defesa de interesses particulares. Instaurar a CPI da Pandemia \u00e9 defender o Sistema \u00danico de Sa\u00fade, bem como dos princ\u00edpios constitucionais da Administra\u00e7\u00e3o P\u00fablica: legalidade, impessoalidade, moralidade, publicidade e efici\u00eancia, refor\u00e7ando a import\u00e2ncia da total transpar\u00eancia da gest\u00e3o na execu\u00e7\u00e3o dos recursos p\u00fablicos da sa\u00fade.<\/p>\n<p>O Distrito Federal \u00e9 assolado por uma pandemia sem precedentes. Apenas no DF, mais de 175 mil pessoas j\u00e1 foram infectadas pelo novo coronav\u00edrus, dessas, mais de 2900 perderam a batalha para esse inimigo invis\u00edvel. Defender o SUS \u00e9 defender a popula\u00e7\u00e3o. N\u00e3o investigar essas irregularidades \u00e9 aceitar o erro e ser conivente com os crimes cometidos.<\/p>\n<p>O SindEnfermeiro exige que haja prioridade na instaura\u00e7\u00e3o da CPI da Pandemia!<\/p>\n<p><strong>Esses s\u00e3o os parlamentares que DISSERAM N\u00c3O para a investiga\u00e7\u00e3o das irregularidades:<\/strong><\/p>\n<p>Leonardo Prudente (MDB)<br \/>\nDaniel Donizet (PL)<br \/>\nRodrigo Delmasso (Republicanos)<br \/>\nHermeto (MDB)<br \/>\nDelegado Fernando Fernandes (PROS)<br \/>\nCl\u00e1udio Abrantes (PDT)<br \/>\nAgaciel Maia (PL)<br \/>\nIolando Almeida (PSC)<br \/>\nRoosevelt Vilela (PSB)<br \/>\nValdelino Barcelos (PP)<br \/>\nMartins Machado (Republicanos)<br \/>\nJos\u00e9 Gomes (PSB)<br \/>\nRob\u00e9rio Negreiros (PSD)<\/p>\n","protected":false},"excerpt":{"rendered":"<p>O Sindicato dos Enfermeiros do Distrito Federal vem, atrav\u00e9s desta nota, manifestar seu rep\u00fadio ao fato da C\u00e2mara Legislativa do Distrito Federal (CLDF) n\u00e3o instaurar a Comiss\u00e3o Parlamentar de Inqu\u00e9rito (CPI) que investigaria desvios e irregularidades cometidas por membros da Secretaria de Sa\u00fade do DF nesse momento de pandemia. \u00c9 preciso lembrar que os parlamentares [&hellip;]<\/p>\n","protected":false},"author":6,"featured_media":39205,"comment_status":"open","ping_status":"open","sticky":false,"template":"","format":"standard","meta":{"footnotes":""},"categories":[6,13,5],"tags":[34,454,604,7,251,21],"class_list":["post-40397","post","type-post","status-publish","format-standard","has-post-thumbnail","hentry","category-noticias","category-rede-privada","category-rede-publica","tag-cldf","tag-covid-19","tag-cpi-da-pandemia","tag-enfermagem","tag-nota-de-repudio","tag-sindenfermeiro"],"_links":{"self":[{"href":"https:\/\/sindenfermeiro.com.br\/index.php\/wp-json\/wp\/v2\/posts\/40397","targetHints":{"allow":["GET"]}}],"collection":[{"href":"https:\/\/sindenfermeiro.com.br\/index.php\/wp-json\/wp\/v2\/posts"}],"about":[{"href":"https:\/\/sindenfermeiro.com.br\/index.php\/wp-json\/wp\/v2\/types\/post"}],"author":[{"embeddable":true,"href":"https:\/\/sindenfermeiro.com.br\/index.php\/wp-json\/wp\/v2\/users\/6"}],"replies":[{"embeddable":true,"href":"https:\/\/sindenfermeiro.com.br\/index.php\/wp-json\/wp\/v2\/comments?post=40397"}],"version-history":[{"count":1,"href":"https:\/\/sindenfermeiro.com.br\/index.php\/wp-json\/wp\/v2\/posts\/40397\/revisions"}],"predecessor-version":[{"id":40398,"href":"https:\/\/sindenfermeiro.com.br\/index.php\/wp-json\/wp\/v2\/posts\/40397\/revisions\/40398"}],"wp:featuredmedia":[{"embeddable":true,"href":"https:\/\/sindenfermeiro.com.br\/index.php\/wp-json\/wp\/v2\/media\/39205"}],"wp:attachment":[{"href":"https:\/\/sindenfermeiro.com.br\/index.php\/wp-json\/wp\/v2\/media?parent=40397"}],"wp:term":[{"taxonomy":"category","embeddable":true,"href":"https:\/\/sindenfermeiro.com.br\/index.php\/wp-json\/wp\/v2\/categories?post=40397"},{"taxonomy":"post_tag","embeddable":true,"href":"https:\/\/sindenfermeiro.com.br\/index.php\/wp-json\/wp\/v2\/tags?post=40397"}],"curies":[{"name":"wp","href":"https:\/\/api.w.org\/{rel}","templated":true}]}}