{"id":40392,"date":"2020-09-15T13:17:42","date_gmt":"2020-09-15T16:17:42","guid":{"rendered":"https:\/\/sindenfermeiro.com.br\/?p=40392"},"modified":"2026-04-27T04:11:35","modified_gmt":"2026-04-27T07:11:35","slug":"em-reuniao-com-sindicatos-cupula-da-ses-presta-esclarecimentos-sobre-o-forponto","status":"publish","type":"post","link":"https:\/\/sindenfermeiro.com.br\/index.php\/2020\/09\/15\/em-reuniao-com-sindicatos-cupula-da-ses-presta-esclarecimentos-sobre-o-forponto\/","title":{"rendered":"Em reuni\u00e3o com sindicatos, c\u00fapula da SES presta esclarecimentos sobre o Forponto"},"content":{"rendered":"<p><img loading=\"lazy\" decoding=\"async\" class=\"aligncenter wp-image-40393 size-full\" src=\"https:\/\/sindenfermeiro.com.br\/wp-content\/uploads\/2020\/09\/WhatsApp-Image-2020-09-12-at-16.25.08.jpeg\" alt=\"\" width=\"417\" height=\"444\" srcset=\"https:\/\/sindenfermeiro.com.br\/wp-content\/uploads\/2020\/09\/WhatsApp-Image-2020-09-12-at-16.25.08.jpeg 417w, https:\/\/sindenfermeiro.com.br\/wp-content\/uploads\/2020\/09\/WhatsApp-Image-2020-09-12-at-16.25.08-282x300.jpeg 282w\" sizes=\"auto, (max-width: 417px) 100vw, 417px\" \/><\/p>\n<p>Na \u00faltima sexta-feira (11), a Secretaria de Sa\u00fade (SES) se reuniu com representantes dos sindicatos das categorias \u2013 incluindo o SindEnfermeiro, com o objetivo de esclarecer as a\u00e7\u00f5es tomadas pela pasta para solucionar os problemas relacionados ao sistema de ponto eletr\u00f4nico adotado pela SES \u2013 o Forponto.<\/p>\n<p>Na reuni\u00e3o, que contou com a presen\u00e7a do diretor-executivo do sindicato, Tarc\u00edsio Faria, estiveram presentes a subsecret\u00e1ria de gest\u00e3o de pessoal, Silene Almeida, a secret\u00e1ria adjunta de gest\u00e3o, Beatris Gauterio, al\u00e9m do chefe de rela\u00e7\u00f5es institucionais da pasta.<\/p>\n<p>Durante o encontro, os representantes das entidades lembraram a sucess\u00e3o de problemas que o Forponto tem enfrentado desde sua implanta\u00e7\u00e3o, em 2011, e questionaram a possibilidade de preju\u00edzo aos servidores por conta dos problemas no sistema \u2013 que se encontra em instabilidade desde 23 de julho.<\/p>\n<p>Segundo a SUGEP, os aparelhos de coleta de ponto est\u00e3o registrando o ponto dos servidores mesmo com as instabilidades, o que permite que, assim que o problema for solucionado, a pasta possa ter acesso aos relat\u00f3rios anteriores \u2013 compromisso firmado em reuni\u00e3o pela subsecretaria.<\/p>\n<p>Os representantes da pasta afirmaram, ainda, que o ponto do m\u00eas de julho foi realizado de forma manual para que fosse assegurado o pagamento das TPDs (Trabalho em Per\u00edodo Definido), uma vez que a SES n\u00e3o tinha acesso aos dados necess\u00e1rios para fechar as folhas.<\/p>\n<p>O diretor do SindEnfermeiro, Tarc\u00edsio Faria, afirmou durante a reuni\u00e3o que o sindicato n\u00e3o iria aceitar qualquer tipo de preju\u00edzo aos servidores por conta dos problemas com o Forponto. &#8220;Todos os servidores que puderem comprovar que possuem horas extras a serem tiradas devem ter as suas f\u00e9rias garantidas, e o sindicato vai exigir isso&#8221;, disse.<\/p>\n<p><strong>Ponto de agosto ser\u00e1 eletr\u00f4nico<\/strong><\/p>\n<p>Seguindo o compromisso firmado entre a SES e os representantes das entidades da sa\u00fade, o registro de ponto dos trabalhadores no m\u00eas de agosto ser\u00e1 realizado de forma eletr\u00f4nica. No entanto, o banco de dados ainda se encontra zerado, pois est\u00e1 sendo trabalhada no momento a recupera\u00e7\u00e3o dos dados registrados anteriormente pelo sistema.<\/p>\n<p>A pasta realizou preg\u00e3o em 19 de agosto para contratar a empresa que ficar\u00e1 respons\u00e1vel pela gest\u00e3o e manuten\u00e7\u00e3o do Forponto, mas no momento, a proposta ainda se encontra em fase de an\u00e1lise t\u00e9cnica \u2013 j\u00e1 que apenas uma empresa se mostrou interessada no certame.<\/p>\n","protected":false},"excerpt":{"rendered":"<p>Na \u00faltima sexta-feira (11), a Secretaria de Sa\u00fade (SES) se reuniu com representantes dos sindicatos das categorias \u2013 incluindo o SindEnfermeiro, com o objetivo de esclarecer as a\u00e7\u00f5es tomadas pela pasta para solucionar os problemas relacionados ao sistema de ponto eletr\u00f4nico adotado pela SES \u2013 o Forponto. Na reuni\u00e3o, que contou com a presen\u00e7a do [&hellip;]<\/p>\n","protected":false},"author":6,"featured_media":40393,"comment_status":"open","ping_status":"open","sticky":false,"template":"","format":"standard","meta":{"footnotes":""},"categories":[6,5],"tags":[609,236,21,412],"class_list":["post-40392","post","type-post","status-publish","format-standard","has-post-thumbnail","hentry","category-noticias","category-rede-publica","tag-forponto","tag-ses","tag-sindenfermeiro","tag-sugep"],"_links":{"self":[{"href":"https:\/\/sindenfermeiro.com.br\/index.php\/wp-json\/wp\/v2\/posts\/40392","targetHints":{"allow":["GET"]}}],"collection":[{"href":"https:\/\/sindenfermeiro.com.br\/index.php\/wp-json\/wp\/v2\/posts"}],"about":[{"href":"https:\/\/sindenfermeiro.com.br\/index.php\/wp-json\/wp\/v2\/types\/post"}],"author":[{"embeddable":true,"href":"https:\/\/sindenfermeiro.com.br\/index.php\/wp-json\/wp\/v2\/users\/6"}],"replies":[{"embeddable":true,"href":"https:\/\/sindenfermeiro.com.br\/index.php\/wp-json\/wp\/v2\/comments?post=40392"}],"version-history":[{"count":2,"href":"https:\/\/sindenfermeiro.com.br\/index.php\/wp-json\/wp\/v2\/posts\/40392\/revisions"}],"predecessor-version":[{"id":40395,"href":"https:\/\/sindenfermeiro.com.br\/index.php\/wp-json\/wp\/v2\/posts\/40392\/revisions\/40395"}],"wp:featuredmedia":[{"embeddable":true,"href":"https:\/\/sindenfermeiro.com.br\/index.php\/wp-json\/wp\/v2\/media\/40393"}],"wp:attachment":[{"href":"https:\/\/sindenfermeiro.com.br\/index.php\/wp-json\/wp\/v2\/media?parent=40392"}],"wp:term":[{"taxonomy":"category","embeddable":true,"href":"https:\/\/sindenfermeiro.com.br\/index.php\/wp-json\/wp\/v2\/categories?post=40392"},{"taxonomy":"post_tag","embeddable":true,"href":"https:\/\/sindenfermeiro.com.br\/index.php\/wp-json\/wp\/v2\/tags?post=40392"}],"curies":[{"name":"wp","href":"https:\/\/api.w.org\/{rel}","templated":true}]}}