{"id":40373,"date":"2020-09-10T16:27:33","date_gmt":"2020-09-10T19:27:33","guid":{"rendered":"https:\/\/sindenfermeiro.com.br\/?p=40373"},"modified":"2026-04-26T23:50:09","modified_gmt":"2026-04-27T02:50:09","slug":"porque-a-instauracao-da-cpi-da-pandemia-e-tao-importante","status":"publish","type":"post","link":"https:\/\/sindenfermeiro.com.br\/index.php\/2020\/09\/10\/porque-a-instauracao-da-cpi-da-pandemia-e-tao-importante\/","title":{"rendered":"Porque a instaura\u00e7\u00e3o da CPI da Pandemia \u00e9 t\u00e3o importante"},"content":{"rendered":"<p><span style=\"font-size: 10pt\">Foto destaque: reprodu\u00e7\u00e3o da internet\/Google imagens\u00a0<\/span><\/p>\n<p style=\"text-align: justify\">O Distrito Federal, o Brasil e o mundo foram assolados por uma pandemia sem precedentes. Apenas no DF, mais de 170 mil pessoas j\u00e1 foram infectadas pelo novo coronav\u00edrus, dessas, mais de 2800 perderam a batalha para esse inimigo invis\u00edvel. Para piorar a situa\u00e7\u00e3o, membros da c\u00fapula da Secretaria de Sa\u00fade foram presos acusados de cometerem irregularidades na\u00a0compra de testes para detec\u00e7\u00e3o da\u00a0Covid-19.<\/p>\n<p style=\"text-align: justify\">O Sindicato dos Enfermeiros do Distrito Federal, assim como o Conselho de Sa\u00fade do DF, reitera a necessidade e a import\u00e2ncia da cria\u00e7\u00e3o de uma Comiss\u00e3o Parlamentar de Inqu\u00e9rito (CPI) pela C\u00e2mara Legislativa do Distrito Federal (CLDF). A cria\u00e7\u00e3o da CPI da Pandemia se mostra extremamente necess\u00e1ria, uma vez que, os parlamentares que comp\u00f5e a CLDF t\u00eam o dever legal de representar e defender os interesses dos cidad\u00e3os e da sociedade.<\/p>\n<p style=\"text-align: justify\">Desta maneira, a instaura\u00e7\u00e3o da CPI da Pandemia representar\u00e1 a defesa do Sistema \u00danico de Sa\u00fade, bem como dos princ\u00edpios constitucionais da Administra\u00e7\u00e3o P\u00fablica: legalidade, impessoalidade, moralidade, publicidade e efici\u00eancia, refor\u00e7ando a import\u00e2ncia da total transpar\u00eancia da gest\u00e3o na execu\u00e7\u00e3o dos recursos p\u00fablicos da sa\u00fade.<\/p>\n<p style=\"text-align: justify\">Por fim o SindEnfermeiro-DF defende que \u00e9 importante investigar n\u00e3o apenas a Secretaria de Sa\u00fade, mas outros \u00f3rg\u00e3os que nesse momento de pandemia efetuarem compras de equipamentos, contrata\u00e7\u00e3o de servi\u00e7os e m\u00e3o de obra sem licita\u00e7\u00f5es.<\/p>\n","protected":false},"excerpt":{"rendered":"<p>Foto destaque: reprodu\u00e7\u00e3o da internet\/Google imagens\u00a0 O Distrito Federal, o Brasil e o mundo foram assolados por uma pandemia sem precedentes. Apenas no DF, mais de 170 mil pessoas j\u00e1 foram infectadas pelo novo coronav\u00edrus, dessas, mais de 2800 perderam a batalha para esse inimigo invis\u00edvel. Para piorar a situa\u00e7\u00e3o, membros da c\u00fapula da Secretaria [&hellip;]<\/p>\n","protected":false},"author":6,"featured_media":40375,"comment_status":"open","ping_status":"open","sticky":false,"template":"","format":"standard","meta":{"footnotes":""},"categories":[6,13,5],"tags":[333,34,454,605,604,7,81],"class_list":["post-40373","post","type-post","status-publish","format-standard","has-post-thumbnail","hentry","category-noticias","category-rede-privada","category-rede-publica","tag-camara-legislativa","tag-cldf","tag-covid-19","tag-cpi","tag-cpi-da-pandemia","tag-enfermagem","tag-ses-df"],"_links":{"self":[{"href":"https:\/\/sindenfermeiro.com.br\/index.php\/wp-json\/wp\/v2\/posts\/40373","targetHints":{"allow":["GET"]}}],"collection":[{"href":"https:\/\/sindenfermeiro.com.br\/index.php\/wp-json\/wp\/v2\/posts"}],"about":[{"href":"https:\/\/sindenfermeiro.com.br\/index.php\/wp-json\/wp\/v2\/types\/post"}],"author":[{"embeddable":true,"href":"https:\/\/sindenfermeiro.com.br\/index.php\/wp-json\/wp\/v2\/users\/6"}],"replies":[{"embeddable":true,"href":"https:\/\/sindenfermeiro.com.br\/index.php\/wp-json\/wp\/v2\/comments?post=40373"}],"version-history":[{"count":6,"href":"https:\/\/sindenfermeiro.com.br\/index.php\/wp-json\/wp\/v2\/posts\/40373\/revisions"}],"predecessor-version":[{"id":41525,"href":"https:\/\/sindenfermeiro.com.br\/index.php\/wp-json\/wp\/v2\/posts\/40373\/revisions\/41525"}],"wp:featuredmedia":[{"embeddable":true,"href":"https:\/\/sindenfermeiro.com.br\/index.php\/wp-json\/wp\/v2\/media\/40375"}],"wp:attachment":[{"href":"https:\/\/sindenfermeiro.com.br\/index.php\/wp-json\/wp\/v2\/media?parent=40373"}],"wp:term":[{"taxonomy":"category","embeddable":true,"href":"https:\/\/sindenfermeiro.com.br\/index.php\/wp-json\/wp\/v2\/categories?post=40373"},{"taxonomy":"post_tag","embeddable":true,"href":"https:\/\/sindenfermeiro.com.br\/index.php\/wp-json\/wp\/v2\/tags?post=40373"}],"curies":[{"name":"wp","href":"https:\/\/api.w.org\/{rel}","templated":true}]}}