{"id":40369,"date":"2020-09-10T11:35:47","date_gmt":"2020-09-10T14:35:47","guid":{"rendered":"https:\/\/sindenfermeiro.com.br\/?p=40369"},"modified":"2026-04-27T00:37:59","modified_gmt":"2026-04-27T03:37:59","slug":"enfermeirs-incriveis-estudantes-de-enfermagem-da-unb-contam-as-historias-de-quem-esta-na-linha-de-frente-contra-a-covid-19","status":"publish","type":"post","link":"https:\/\/sindenfermeiro.com.br\/index.php\/2020\/09\/10\/enfermeirs-incriveis-estudantes-de-enfermagem-da-unb-contam-as-historias-de-quem-esta-na-linha-de-frente-contra-a-covid-19\/","title":{"rendered":"Enfermeir@s Incr\u00edveis: estudantes de enfermagem da UnB contam as hist\u00f3rias de quem est\u00e1 na linha de frente contra a Covid-19"},"content":{"rendered":"<div id=\"attachment_40370\" style=\"width: 586px\" class=\"wp-caption aligncenter\"><img loading=\"lazy\" decoding=\"async\" aria-describedby=\"caption-attachment-40370\" class=\"wp-image-40370\" src=\"https:\/\/sindenfermeiro.com.br\/wp-content\/uploads\/2020\/09\/27jul2020_EstefaneCamara_ArquivoPessoal.jpg\" alt=\"\" width=\"576\" height=\"384\" srcset=\"https:\/\/sindenfermeiro.com.br\/wp-content\/uploads\/2020\/09\/27jul2020_EstefaneCamara_ArquivoPessoal.jpg 630w, https:\/\/sindenfermeiro.com.br\/wp-content\/uploads\/2020\/09\/27jul2020_EstefaneCamara_ArquivoPessoal-300x200.jpg 300w\" sizes=\"auto, (max-width: 576px) 100vw, 576px\" \/><p id=\"caption-attachment-40370\" class=\"wp-caption-text\">Foto: Reprodu\u00e7\u00e3o\/Arquivo Pessoal<\/p><\/div>\n<p>J\u00e1 se passaram mais de seis meses desde o in\u00edcio da pandemia do coronav\u00edrus. Nesse meio tempo, o mundo inteiro precisou se reajustar \u00e0 nova realidade imposta \u2013 e isso exigiu in\u00fameros sacrif\u00edcios de todos, como o isolamento social, a dist\u00e2ncia de parentes e amigos, a fundamental (por\u00e9m desconfort\u00e1vel) presen\u00e7a das m\u00e1scaras faciais e os onipresentes potes de \u00e1lcool em gel.<\/p>\n<p><strong>Mas, voc\u00ea j\u00e1 parou para pensar como tem sido a rotina dos enfermeiros que est\u00e3o na linha de frente dos hospitais e unidades de sa\u00fade Brasil afora?<\/strong><\/p>\n<p>Se n\u00e3o, basta imaginar que, no exato momento em que voc\u00ea l\u00ea esse texto, milhares de profissionais est\u00e3o enfrentando in\u00fameros obst\u00e1culos para salvar vidas, enfrentando uma rotina de trabalho onde os fatores f\u00edsicos e emocionais s\u00e3o levados ao limite \u2013 afinal, se a popula\u00e7\u00e3o n\u00e3o estava preparada para a pandemia, imagine quantas gera\u00e7\u00f5es de profissionais nunca haviam lidado com algo desse porte.<\/p>\n<p>O projeto Enfermeir@s Incr\u00edveis na linha de frente da pandemia de Covid-19, desenvolvido por estudantes de enfermagem de diferentes semestres da Universidade de Bras\u00edlia (UnB), busca contar justamente as hist\u00f3rias e desafios enfrentados por esses trabalhadores \u2013 que enfrentam a saudade da fam\u00edlia e amigos e adaptaram toda a sua vida para salvar outras vidas, al\u00e9m de dar apoio aos estudantes que est\u00e3o iniciando no mundo da Enfermagem.<\/p>\n<p>A respons\u00e1vel por coordenar os estudantes nessa jornada \u00e9 a professora da Faculdade de Ci\u00eancias da Sa\u00fade (FS) da UnB, Mariana Franzoi, e conta com mais de 30 relatos de profissionais, que atuam nas \u00e1reas de aten\u00e7\u00e3o b\u00e1sica, vigil\u00e2ncia de sa\u00fade, emerg\u00eancia e trauma, gest\u00e3o de pol\u00edticas p\u00fablicas, home care, sistema prisional, fiscaliza\u00e7\u00e3o do exerc\u00edcio profissional, cardiologia, sa\u00fade mental, oncologia, obstetr\u00edcia, assim como as enfermeiras e enfermeiros das UTIs.<\/p>\n<p>Os relatos est\u00e3o distribu\u00eddos em v\u00e1rias plataformas: <a href=\"https:\/\/www.youtube.com\/channel\/UCZU7PbwWNQzeijq4TSwSFjA\">YouTube<\/a>, <a href=\"https:\/\/open.spotify.com\/show\/4wMYVOQFFbYNQVb8gnUMpU\">Spotify<\/a> \u2013 em formato de podcast com 12 di\u00e1logos gravados, no <a href=\"https:\/\/mentoriaenfunb.com.br\/\">blog da Mentoria Estudantil em Enfermagem<\/a> \u2013 projeto que originou o \u201cEnfermeir@s Incr\u00edveis\u201d, al\u00e9m do webinar <a href=\"https:\/\/mentoriaenfunb.com.br\/galeria\">\u201cVida de Enfermeir@s Incr\u00edveis\u201d<\/a>, que conta a trajet\u00f3ria desses trabalhadores.<\/p>\n<p>A coordenadora do projeto conta que o objetivo principal \u00e9 a valoriza\u00e7\u00e3o do trabalho dos enfermeiros, sobretudo nesse contexto de pandemia. \u201cQueremos desconstruir essa imagem do her\u00f3i. Muitos enfermeiros est\u00e3o vulner\u00e1veis, muitos profissionais foram infectados e faleceram. Queremos mostrar o lado humano, que eles t\u00eam desafios e medos e que eles devem ser valorizados pelo que fazem\u201d, explica.<\/p>\n<p><strong>Relatos exp\u00f5em dificuldades e supera\u00e7\u00f5es<\/strong><\/p>\n<p>Para participar do projeto, as enfermeiras e enfermeiros interessados podem contribuir enviando seus relatos e-mail para <strong>mentoriaenfunb@gmail.com<\/strong>. Todo material produzido est\u00e1 dispon\u00edvel no site do projeto, Spotify e canal no YouTube.<\/p>\n<p>&nbsp;<\/p>\n<p>Confira abaixo alguns relatos dispon\u00edveis nas plataformas do projeto Enfermeir@s Incr\u00edveis na linha de frente da pandemia do Covid-19:<\/p>\n<p><strong>MARCOS WESLEY DE SOUSA FEITOSA, PRESIDENTE DO CONSELHO REGIONAL DE ENFERMAGEM DO DISTRITO FEDERAL (COREN-DF)<\/strong><\/p>\n<p><strong>EST\u00c9FANE C\u00c2MARA, RESIDENTE DE ENFERMAGEM DA FIOCRUZ NA UNIDADE B\u00c1SICA DE SA\u00daDE N\u00ba 02, DO RIACHO FUNDO I (DF).<\/strong><\/p>\n<p><strong>ROSALINA ARATANI SUDO, ENFERMEIRA APOSENTADA, EX-PRESIDENTE DA ABEN-DF E EX-DIRETORA DO SINDENFERMEIRO-DF ENTRE 1992 E 1994<\/strong><\/p>\n<p><strong><em>Com informa\u00e7\u00f5es da <a href=\"http:\/\/noticias.unb.br\/112-extensao-e-comunidade\/4326-projeto-enfermeir-s-incriveis-documenta-relatos-de-profissionais-de-todo-o-pais-na-luta-contra-a-covid-19\">Secom\/UnB<\/a><\/em><\/strong><\/p>\n","protected":false},"excerpt":{"rendered":"<p>J\u00e1 se passaram mais de seis meses desde o in\u00edcio da pandemia do coronav\u00edrus. Nesse meio tempo, o mundo inteiro precisou se reajustar \u00e0 nova realidade imposta \u2013 e isso exigiu in\u00fameros sacrif\u00edcios de todos, como o isolamento social, a dist\u00e2ncia de parentes e amigos, a fundamental (por\u00e9m desconfort\u00e1vel) presen\u00e7a das m\u00e1scaras faciais e os [&hellip;]<\/p>\n","protected":false},"author":6,"featured_media":40370,"comment_status":"open","ping_status":"open","sticky":false,"template":"","format":"standard","meta":{"footnotes":""},"categories":[6,5],"tags":[454,7,601,602,75,603],"class_list":["post-40369","post","type-post","status-publish","format-standard","has-post-thumbnail","hentry","category-noticias","category-rede-publica","tag-covid-19","tag-enfermagem","tag-enfermeirs-incriveis","tag-linha-de-frente","tag-projeto","tag-unb"],"_links":{"self":[{"href":"https:\/\/sindenfermeiro.com.br\/index.php\/wp-json\/wp\/v2\/posts\/40369","targetHints":{"allow":["GET"]}}],"collection":[{"href":"https:\/\/sindenfermeiro.com.br\/index.php\/wp-json\/wp\/v2\/posts"}],"about":[{"href":"https:\/\/sindenfermeiro.com.br\/index.php\/wp-json\/wp\/v2\/types\/post"}],"author":[{"embeddable":true,"href":"https:\/\/sindenfermeiro.com.br\/index.php\/wp-json\/wp\/v2\/users\/6"}],"replies":[{"embeddable":true,"href":"https:\/\/sindenfermeiro.com.br\/index.php\/wp-json\/wp\/v2\/comments?post=40369"}],"version-history":[{"count":2,"href":"https:\/\/sindenfermeiro.com.br\/index.php\/wp-json\/wp\/v2\/posts\/40369\/revisions"}],"predecessor-version":[{"id":40372,"href":"https:\/\/sindenfermeiro.com.br\/index.php\/wp-json\/wp\/v2\/posts\/40369\/revisions\/40372"}],"wp:featuredmedia":[{"embeddable":true,"href":"https:\/\/sindenfermeiro.com.br\/index.php\/wp-json\/wp\/v2\/media\/40370"}],"wp:attachment":[{"href":"https:\/\/sindenfermeiro.com.br\/index.php\/wp-json\/wp\/v2\/media?parent=40369"}],"wp:term":[{"taxonomy":"category","embeddable":true,"href":"https:\/\/sindenfermeiro.com.br\/index.php\/wp-json\/wp\/v2\/categories?post=40369"},{"taxonomy":"post_tag","embeddable":true,"href":"https:\/\/sindenfermeiro.com.br\/index.php\/wp-json\/wp\/v2\/tags?post=40369"}],"curies":[{"name":"wp","href":"https:\/\/api.w.org\/{rel}","templated":true}]}}