{"id":40364,"date":"2020-09-08T10:32:20","date_gmt":"2020-09-08T13:32:20","guid":{"rendered":"https:\/\/sindenfermeiro.com.br\/?p=40364"},"modified":"2026-04-27T04:08:58","modified_gmt":"2026-04-27T07:08:58","slug":"nota-de-pesar-dulcimar-moreira-serra-de-souza","status":"publish","type":"post","link":"https:\/\/sindenfermeiro.com.br\/index.php\/2020\/09\/08\/nota-de-pesar-dulcimar-moreira-serra-de-souza\/","title":{"rendered":"[Nota de pesar: Dulcimar Moreira Serra de Souza]"},"content":{"rendered":"<p style=\"text-align: justify\">O Sindicato dos Enfermeiros do Distrito Federal (SindEnfermeiro-DF) lamenta profundamente o falecimento por conta da Covid-19, da enfermeira Dulcimar Moreira Serra de Souza que atuava na Emerg\u00eancia Obst\u00e9trica do Hospital Materno Infantil de Bras\u00edlia (HMIB).<\/p>\n<p style=\"text-align: justify\">Como entidade que representa os enfermeiros do Distrito Federal, gostar\u00edamos de enaltecer a dedica\u00e7\u00e3o de Dulce com as m\u00e3es e rec\u00e9m nascidos . A sua dedica\u00e7\u00e3o ser\u00e1 sempre lembrada por familiares e amigos, pois ela ajudou a salvar muitas vidas . O SindEnfermeiro se coloca \u00e0 disposi\u00e7\u00e3o da fam\u00edlia para ajudar no que for poss\u00edvel.<\/p>\n<p style=\"text-align: justify\">O sindicato continuar\u00e1 lutando para que os enfermeiros do DF tenham condi\u00e7\u00f5es de desempenhar suas fun\u00e7\u00f5es, e lembra \u00e0 popula\u00e7\u00e3o que o respeito \u00e0s medidas de preven\u00e7\u00e3o contra o coronav\u00edrus \u00e9 fundamental, n\u00e3o apenas para a prote\u00e7\u00e3o daqueles que voc\u00ea ama, mas como uma forma de valorizar e respeitar o importante trabalho de cada profissional da sa\u00fade durante essa pandemia.<\/p>\n<p style=\"text-align: justify\">O \u00faltimo adeus \u00e0 Dulcimar, carinhosamente chamada &#8221; Dulce &#8221; pelo corpo de enfermagem e amigos, ser\u00e1 das 14:30 \u00e0s 15:30, na Capela 1 do cemit\u00e9rio Campo da Esperan\u00e7a. O sepultamento acontecer\u00e1 \u00e0s 16 horas.<\/p>\n<p style=\"text-align: justify\">Obrigado por tudo, Dulce!<\/p>\n","protected":false},"excerpt":{"rendered":"<p>O Sindicato dos Enfermeiros do Distrito Federal (SindEnfermeiro-DF) lamenta profundamente o falecimento por conta da Covid-19, da enfermeira Dulcimar Moreira Serra de Souza que atuava na Emerg\u00eancia Obst\u00e9trica do Hospital Materno Infantil de Bras\u00edlia (HMIB). Como entidade que representa os enfermeiros do Distrito Federal, gostar\u00edamos de enaltecer a dedica\u00e7\u00e3o de Dulce com as m\u00e3es e [&hellip;]<\/p>\n","protected":false},"author":6,"featured_media":40365,"comment_status":"open","ping_status":"open","sticky":false,"template":"","format":"standard","meta":{"footnotes":""},"categories":[6,5],"tags":[454,7,248,149,81,21],"class_list":["post-40364","post","type-post","status-publish","format-standard","has-post-thumbnail","hentry","category-noticias","category-rede-publica","tag-covid-19","tag-enfermagem","tag-hmib","tag-nota-de-pesar","tag-ses-df","tag-sindenfermeiro"],"_links":{"self":[{"href":"https:\/\/sindenfermeiro.com.br\/index.php\/wp-json\/wp\/v2\/posts\/40364","targetHints":{"allow":["GET"]}}],"collection":[{"href":"https:\/\/sindenfermeiro.com.br\/index.php\/wp-json\/wp\/v2\/posts"}],"about":[{"href":"https:\/\/sindenfermeiro.com.br\/index.php\/wp-json\/wp\/v2\/types\/post"}],"author":[{"embeddable":true,"href":"https:\/\/sindenfermeiro.com.br\/index.php\/wp-json\/wp\/v2\/users\/6"}],"replies":[{"embeddable":true,"href":"https:\/\/sindenfermeiro.com.br\/index.php\/wp-json\/wp\/v2\/comments?post=40364"}],"version-history":[{"count":2,"href":"https:\/\/sindenfermeiro.com.br\/index.php\/wp-json\/wp\/v2\/posts\/40364\/revisions"}],"predecessor-version":[{"id":40367,"href":"https:\/\/sindenfermeiro.com.br\/index.php\/wp-json\/wp\/v2\/posts\/40364\/revisions\/40367"}],"wp:featuredmedia":[{"embeddable":true,"href":"https:\/\/sindenfermeiro.com.br\/index.php\/wp-json\/wp\/v2\/media\/40365"}],"wp:attachment":[{"href":"https:\/\/sindenfermeiro.com.br\/index.php\/wp-json\/wp\/v2\/media?parent=40364"}],"wp:term":[{"taxonomy":"category","embeddable":true,"href":"https:\/\/sindenfermeiro.com.br\/index.php\/wp-json\/wp\/v2\/categories?post=40364"},{"taxonomy":"post_tag","embeddable":true,"href":"https:\/\/sindenfermeiro.com.br\/index.php\/wp-json\/wp\/v2\/tags?post=40364"}],"curies":[{"name":"wp","href":"https:\/\/api.w.org\/{rel}","templated":true}]}}