{"id":40359,"date":"2020-09-08T15:57:09","date_gmt":"2020-09-08T18:57:09","guid":{"rendered":"https:\/\/sindenfermeiro.com.br\/?p=40359"},"modified":"2026-04-26T23:49:44","modified_gmt":"2026-04-27T02:49:44","slug":"nota-de-pesar-dr-antonio-jose-francisco-pereira-dos-santos","status":"publish","type":"post","link":"https:\/\/sindenfermeiro.com.br\/index.php\/2020\/09\/08\/nota-de-pesar-dr-antonio-jose-francisco-pereira-dos-santos\/","title":{"rendered":"NOTA DE PESAR: Dr. Ant\u00f4nio Jos\u00e9 Francisco Pereira dos Santos"},"content":{"rendered":"<p><img loading=\"lazy\" decoding=\"async\" class=\"aligncenter wp-image-40362 \" src=\"https:\/\/sindenfermeiro.com.br\/wp-content\/uploads\/2020\/09\/WhatsApp-Image-2020-09-08-at-10.01.10-1024x1024.jpeg\" alt=\"\" width=\"580\" height=\"580\" srcset=\"https:\/\/sindenfermeiro.com.br\/wp-content\/uploads\/2020\/09\/WhatsApp-Image-2020-09-08-at-10.01.10-1024x1024.jpeg 1024w, https:\/\/sindenfermeiro.com.br\/wp-content\/uploads\/2020\/09\/WhatsApp-Image-2020-09-08-at-10.01.10-300x300.jpeg 300w, https:\/\/sindenfermeiro.com.br\/wp-content\/uploads\/2020\/09\/WhatsApp-Image-2020-09-08-at-10.01.10-150x150.jpeg 150w, https:\/\/sindenfermeiro.com.br\/wp-content\/uploads\/2020\/09\/WhatsApp-Image-2020-09-08-at-10.01.10-768x768.jpeg 768w, https:\/\/sindenfermeiro.com.br\/wp-content\/uploads\/2020\/09\/WhatsApp-Image-2020-09-08-at-10.01.10.jpeg 1280w\" sizes=\"auto, (max-width: 580px) 100vw, 580px\" \/><\/p>\n<p>O Sindicato dos Enfermeiros do Distrito Federal (SindEnfermeiro-DF) vem, por meio desta nota, manifestar o seu pesar pelo falecimento do Dr. Ant\u00f4nio Jos\u00e9 Francisco Pereira dos Santos, m\u00e9dico e membro da diretoria do Sindicato dos M\u00e9dicos do Distrito Federal (SindM\u00e9dico). Ant\u00f4nio tinha 73 anos e veio a \u00f3bito por complica\u00e7\u00f5es da Covid-19<\/p>\n<p>Ant\u00f4nio Jos\u00e9 exerceu a sua profiss\u00e3o com maestria durante d\u00e9cadas. Foi m\u00e9dico do Minist\u00e9rio da Sa\u00fade e da Secretaria de Estado de Sa\u00fade do DF, e tamb\u00e9m atuou em cargos de administra\u00e7\u00e3o, como diretor do Hospital Regional de Taguatinga.<\/p>\n<p>Mesmo ap\u00f3s a sua aposentadoria, continuou a participar ativamente do mundo sindical, exercendo o papel de defender n\u00e3o apenas a categoria para a qual o Dr. Ant\u00f4nio se dedicou, mas para defender a sa\u00fade do Distrito Federal como um todo, participando, inclusive, de diversas visitas da A\u00e7\u00e3o Conjunta Covid-19 \u2013 da qual o SindEnfermeiro faz parte \u2013 nos \u00faltimos meses.<\/p>\n<p>O SindEnfermeiro se solidariza com todos os familiares, amigos, colegas de luta e profiss\u00e3o, e ressalta ainda a grande contribui\u00e7\u00e3o de Ant\u00f4nio na defesa dos trabalhadores da sa\u00fade.<\/p>\n","protected":false},"excerpt":{"rendered":"<p>O Sindicato dos Enfermeiros do Distrito Federal (SindEnfermeiro-DF) vem, por meio desta nota, manifestar o seu pesar pelo falecimento do Dr. Ant\u00f4nio Jos\u00e9 Francisco Pereira dos Santos, m\u00e9dico e membro da diretoria do Sindicato dos M\u00e9dicos do Distrito Federal (SindM\u00e9dico). Ant\u00f4nio tinha 73 anos e veio a \u00f3bito por complica\u00e7\u00f5es da Covid-19 Ant\u00f4nio Jos\u00e9 exerceu [&hellip;]<\/p>\n","protected":false},"author":6,"featured_media":40361,"comment_status":"open","ping_status":"open","sticky":false,"template":"","format":"standard","meta":{"footnotes":""},"categories":[6,13,5],"tags":[149],"class_list":["post-40359","post","type-post","status-publish","format-standard","has-post-thumbnail","hentry","category-noticias","category-rede-privada","category-rede-publica","tag-nota-de-pesar"],"_links":{"self":[{"href":"https:\/\/sindenfermeiro.com.br\/index.php\/wp-json\/wp\/v2\/posts\/40359","targetHints":{"allow":["GET"]}}],"collection":[{"href":"https:\/\/sindenfermeiro.com.br\/index.php\/wp-json\/wp\/v2\/posts"}],"about":[{"href":"https:\/\/sindenfermeiro.com.br\/index.php\/wp-json\/wp\/v2\/types\/post"}],"author":[{"embeddable":true,"href":"https:\/\/sindenfermeiro.com.br\/index.php\/wp-json\/wp\/v2\/users\/6"}],"replies":[{"embeddable":true,"href":"https:\/\/sindenfermeiro.com.br\/index.php\/wp-json\/wp\/v2\/comments?post=40359"}],"version-history":[{"count":2,"href":"https:\/\/sindenfermeiro.com.br\/index.php\/wp-json\/wp\/v2\/posts\/40359\/revisions"}],"predecessor-version":[{"id":40368,"href":"https:\/\/sindenfermeiro.com.br\/index.php\/wp-json\/wp\/v2\/posts\/40359\/revisions\/40368"}],"wp:featuredmedia":[{"embeddable":true,"href":"https:\/\/sindenfermeiro.com.br\/index.php\/wp-json\/wp\/v2\/media\/40361"}],"wp:attachment":[{"href":"https:\/\/sindenfermeiro.com.br\/index.php\/wp-json\/wp\/v2\/media?parent=40359"}],"wp:term":[{"taxonomy":"category","embeddable":true,"href":"https:\/\/sindenfermeiro.com.br\/index.php\/wp-json\/wp\/v2\/categories?post=40359"},{"taxonomy":"post_tag","embeddable":true,"href":"https:\/\/sindenfermeiro.com.br\/index.php\/wp-json\/wp\/v2\/tags?post=40359"}],"curies":[{"name":"wp","href":"https:\/\/api.w.org\/{rel}","templated":true}]}}