{"id":40343,"date":"2020-09-04T08:45:28","date_gmt":"2020-09-04T11:45:28","guid":{"rendered":"https:\/\/sindenfermeiro.com.br\/?p=40343"},"modified":"2026-04-30T07:37:50","modified_gmt":"2026-04-30T10:37:50","slug":"mais-uma-vitoria-para-os-enfermeiros-acao-do-sindenfermeiro-derruba-desconto-da-insalubridade-nos-afastamentos-legais","status":"publish","type":"post","link":"https:\/\/sindenfermeiro.com.br\/index.php\/2020\/09\/04\/mais-uma-vitoria-para-os-enfermeiros-acao-do-sindenfermeiro-derruba-desconto-da-insalubridade-nos-afastamentos-legais\/","title":{"rendered":"Mais uma vit\u00f3ria para os enfermeiros: a\u00e7\u00e3o do SindEnfermeiro derruba desconto da insalubridade nos afastamentos legais"},"content":{"rendered":"<p style=\"text-align: justify\"><span style=\"font-size: 10pt\">Foto: reprodu\u00e7\u00e3o da internet\/Google imagens<\/span><\/p>\n<p style=\"text-align: justify\">A Subsecretaria de Gest\u00e3o de Pessoas (SUGEP) da Secretaria de Sa\u00fade do Distrito Federal (SES-DF) divulgou na \u00faltima quarta (02), <a href=\"https:\/\/sindenfermeiro.com.br\/wp-content\/uploads\/2020\/09\/SEI_GDF-46493624-Circular.pdf\">a Circular 48\/2020.<\/a> O documento d\u00e1 ci\u00eancia aos gestores da Pasta sobre a decis\u00e3o judicial que determina a suspens\u00e3o do desconto de insalubridade em afastamentos legais previstos na lei 840 \/2011 &#8211; regime jur\u00eddico \u00fanico dos servidores do Distrito Federal &#8211;\u00a0 para os enfermeiros da SES.<\/p>\n<p style=\"text-align: justify\">Essa a\u00e7\u00e3o \u00e9 uma demanda antiga dos enfermeiros do DF, e uma das diversas lutas da atual gest\u00e3o do SindEnfermeiro-DF. A partir de agora, al\u00e9m de n\u00e3o poder realizar qualquer desconto relativo ao adicional de insalubridade \u2013 quando os enfermeiros estiverem em afastamentos legais -, a Secretaria de Sa\u00fade dever\u00e1 restituir os valores descontados entre os anos de 2009 a 2020.<\/p>\n<p style=\"text-align: justify\"><strong>Vit\u00f3ria para a enfermagem<\/strong><\/p>\n<p style=\"text-align: justify\">Para o diretor executivo do SindEnfermeiro, M\u00e1rcio da Mata, essa situa\u00e7\u00e3o era uma injusti\u00e7a com os enfermeiro. \u201cMuitas categorias n\u00e3o tinham esse desconto, a partir de agora com essa decis\u00e3o judicial, a Secretaria de Sa\u00fade conseguir\u00e1 corrigir essa distor\u00e7\u00e3o que era feita h\u00e1 muito tempo. Agora os enfermeiros t\u00eam mais um direito garantido de forma legal\u201d, ressaltou M\u00e1rcio.<\/p>\n<p style=\"text-align: justify\">O diretor tamb\u00e9m destacou que tamb\u00e9m haver\u00e1 a restitui\u00e7\u00e3o dos valores que deixaram de ser pagos aos profissionais pela SES-DF. \u201cEsse processo continua em tramita\u00e7\u00e3o. N\u00e3o haver\u00e1 mais descontos, e assim que houverem mais atualiza\u00e7\u00f5es sobre como ocorrer\u00e3o as restitui\u00e7\u00f5es, n\u00f3s iremos informar aos nossos sindicalizados\u201d, completou.<\/p>\n<p style=\"text-align: justify\"><strong>Empenho jur\u00eddico<\/strong><\/p>\n<p style=\"text-align: justify\">A a\u00e7\u00e3o foi resultado o processo judicial conduzido pelo advogado \u00c1lvaro de Castro, do escrit\u00f3rio \u00c1lvaro Castro Advogados e Associados. Conforme tinha adiantado em assembleia realizada no dia 24 de julho, o resultado seria favor\u00e1vel para os enfermeiros, uma vez que outras categorias n\u00e3o tinham mais os valores descontados.\u00a0Dr. \u00c1lvaro estar\u00e1 \u00e0 frente dos processos para a restitui\u00e7\u00e3o dos valores que deixaram de ser pagos.<\/p>\n<p style=\"text-align: justify\">O SindEnfermeiro reitera que continuar\u00e1 lutando e defendendo a categoria contra todo e qualquer tipo de desrespeito.<\/p>\n<p><a href=\"https:\/\/sindenfermeiro.com.br\/wp-content\/uploads\/2020\/09\/SEI_GDF-46493624-Circular.pdf\">Confira aqui a circular da SES-DF.\u00a0<\/a><\/p>\n","protected":false},"excerpt":{"rendered":"<p>Foto: reprodu\u00e7\u00e3o da internet\/Google imagens A Subsecretaria de Gest\u00e3o de Pessoas (SUGEP) da Secretaria de Sa\u00fade do Distrito Federal (SES-DF) divulgou na \u00faltima quarta (02), a Circular 48\/2020. O documento d\u00e1 ci\u00eancia aos gestores da Pasta sobre a decis\u00e3o judicial que determina a suspens\u00e3o do desconto de insalubridade em afastamentos legais previstos na lei 840 [&hellip;]<\/p>\n","protected":false},"author":6,"featured_media":40344,"comment_status":"open","ping_status":"open","sticky":false,"template":"","format":"standard","meta":{"footnotes":""},"categories":[334,6,5],"tags":[581,7,99,418,21],"class_list":["post-40343","post","type-post","status-publish","format-standard","has-post-thumbnail","hentry","category-juridico","category-noticias","category-rede-publica","tag-desconto-de-insalubridade","tag-enfermagem","tag-enfermagem-df","tag-ses_df","tag-sindenfermeiro"],"_links":{"self":[{"href":"https:\/\/sindenfermeiro.com.br\/index.php\/wp-json\/wp\/v2\/posts\/40343","targetHints":{"allow":["GET"]}}],"collection":[{"href":"https:\/\/sindenfermeiro.com.br\/index.php\/wp-json\/wp\/v2\/posts"}],"about":[{"href":"https:\/\/sindenfermeiro.com.br\/index.php\/wp-json\/wp\/v2\/types\/post"}],"author":[{"embeddable":true,"href":"https:\/\/sindenfermeiro.com.br\/index.php\/wp-json\/wp\/v2\/users\/6"}],"replies":[{"embeddable":true,"href":"https:\/\/sindenfermeiro.com.br\/index.php\/wp-json\/wp\/v2\/comments?post=40343"}],"version-history":[{"count":14,"href":"https:\/\/sindenfermeiro.com.br\/index.php\/wp-json\/wp\/v2\/posts\/40343\/revisions"}],"predecessor-version":[{"id":41521,"href":"https:\/\/sindenfermeiro.com.br\/index.php\/wp-json\/wp\/v2\/posts\/40343\/revisions\/41521"}],"wp:featuredmedia":[{"embeddable":true,"href":"https:\/\/sindenfermeiro.com.br\/index.php\/wp-json\/wp\/v2\/media\/40344"}],"wp:attachment":[{"href":"https:\/\/sindenfermeiro.com.br\/index.php\/wp-json\/wp\/v2\/media?parent=40343"}],"wp:term":[{"taxonomy":"category","embeddable":true,"href":"https:\/\/sindenfermeiro.com.br\/index.php\/wp-json\/wp\/v2\/categories?post=40343"},{"taxonomy":"post_tag","embeddable":true,"href":"https:\/\/sindenfermeiro.com.br\/index.php\/wp-json\/wp\/v2\/tags?post=40343"}],"curies":[{"name":"wp","href":"https:\/\/api.w.org\/{rel}","templated":true}]}}