{"id":40333,"date":"2020-09-01T16:24:00","date_gmt":"2020-09-01T19:24:00","guid":{"rendered":"https:\/\/sindenfermeiro.com.br\/?p=40333"},"modified":"2026-04-26T23:51:41","modified_gmt":"2026-04-27T02:51:41","slug":"acao-conjunta-covid-19-visita-icdf-para-apurar-denuncias-sobre-falta-de-insumos-e-descumprimento-do-act","status":"publish","type":"post","link":"https:\/\/sindenfermeiro.com.br\/index.php\/2020\/09\/01\/acao-conjunta-covid-19-visita-icdf-para-apurar-denuncias-sobre-falta-de-insumos-e-descumprimento-do-act\/","title":{"rendered":"A\u00e7\u00e3o Conjunta Covid-19 visita ICDF para apurar den\u00fancias sobre falta de insumos e descumprimento do ACT"},"content":{"rendered":"<p><img loading=\"lazy\" decoding=\"async\" class=\"aligncenter wp-image-40334 \" src=\"https:\/\/sindenfermeiro.com.br\/wp-content\/uploads\/2020\/09\/WhatsApp-Image-2020-09-01-at-12.39.06-1024x768.jpeg\" alt=\"\" width=\"638\" height=\"478\" srcset=\"https:\/\/sindenfermeiro.com.br\/wp-content\/uploads\/2020\/09\/WhatsApp-Image-2020-09-01-at-12.39.06-1024x768.jpeg 1024w, https:\/\/sindenfermeiro.com.br\/wp-content\/uploads\/2020\/09\/WhatsApp-Image-2020-09-01-at-12.39.06-300x225.jpeg 300w, https:\/\/sindenfermeiro.com.br\/wp-content\/uploads\/2020\/09\/WhatsApp-Image-2020-09-01-at-12.39.06-768x576.jpeg 768w, https:\/\/sindenfermeiro.com.br\/wp-content\/uploads\/2020\/09\/WhatsApp-Image-2020-09-01-at-12.39.06.jpeg 1280w\" sizes=\"auto, (max-width: 638px) 100vw, 638px\" \/><br \/>\nNa manh\u00e3 de hoje (1\u00ba), a A\u00e7\u00e3o Conjunta Covid-19 \u2013 representada por SindEnfermeiro-DF, Coren-DF e Sindate-DF \u2013 esteve no Instituto de Cardiologia do Distrito Federal (ICDF) para acompanhar a rotina dos trabalhadores, assim como a disponibilidade dos equipamentos de prote\u00e7\u00e3o individual (EPIs), o cumprimento dos fluxos de atendimento e retaguarda dos servi\u00e7os, seguran\u00e7a dos profissionais e a coleta dos exames feitos pelos pacientes com suspeita de Covid-19.<\/p>\n<p>A for\u00e7a-tarefa \u2013 que contou com as presen\u00e7as do secret\u00e1rio-geral do SindEnfermeiro, Jorge Henrique, e do diretor-executivo Tarc\u00edsio Faria \u2013 recebeu den\u00fancias \u00e0 respeito da falta de insumos fundamentais para o atendimento, como luvas e medicamentos para seda\u00e7\u00e3o, al\u00e9m do descumprimento de cl\u00e1usulas previstas no acordo coletivo de trabalho (ACT).<\/p>\n<p>De acordo com a institui\u00e7\u00e3o, o ICDF tem enfrentado dificuldades para aquisi\u00e7\u00e3o dos insumos devido \u00e0 falta de recursos, que s\u00e3o oriundos do GDF e n\u00e3o est\u00e3o sendo repassados. Ainda de acordo com o instituto, a aus\u00eancia dos materiais tem impedido a realiza\u00e7\u00e3o de procedimentos como cirurgias e atendimentos diversos.<\/p>\n<p>Outro ponto abordado e verificado pontualmente com alguns colaboradores diz respeito ao descumprimento de cl\u00e1usulas do acordo coletivo, como o pagamento proporcional de f\u00e9rias aos trabalhadores do instituto \u2013 o que, segundo eles, n\u00e3o vem sendo feito no m\u00eas correspondente ao usufruto do benef\u00edcio. Sobre essa quest\u00e3o, o ICDF afirmou que tem atuado para regularizar todos os problemas enfrentados, incluindo os problemas com o pagamento das f\u00e9rias, ressaltando que o objetivo \u00e9 sempre de buscar a melhora das condi\u00e7\u00f5es gerais para a presta\u00e7\u00e3o da assist\u00eancia na unidade.<\/p>\n<p>As visitas da A\u00e7\u00e3o Conjunta Covid-19 s\u00e3o parte de uma s\u00e9rie de a\u00e7\u00f5es entre diversas entidades \u2013 incluindo o SindEnfermeiro \u2013 para averiguar e fiscalizar as condi\u00e7\u00f5es de trabalho dos profissionais de sa\u00fade durante a pandemia do coronav\u00edrus. Ao final de cada visita, \u00e9 produzido um relat\u00f3rio detalhado sobre a situa\u00e7\u00e3o encontrada para auxiliar nas melhorias necess\u00e1rias ao atendimento das unidades.<\/p>\n","protected":false},"excerpt":{"rendered":"<p>Na manh\u00e3 de hoje (1\u00ba), a A\u00e7\u00e3o Conjunta Covid-19 \u2013 representada por SindEnfermeiro-DF, Coren-DF e Sindate-DF \u2013 esteve no Instituto de Cardiologia do Distrito Federal (ICDF) para acompanhar a rotina dos trabalhadores, assim como a disponibilidade dos equipamentos de prote\u00e7\u00e3o individual (EPIs), o cumprimento dos fluxos de atendimento e retaguarda dos servi\u00e7os, seguran\u00e7a dos profissionais [&hellip;]<\/p>\n","protected":false},"author":6,"featured_media":40334,"comment_status":"open","ping_status":"open","sticky":false,"template":"","format":"standard","meta":{"footnotes":""},"categories":[6,13,5],"tags":[502,454,594,21],"class_list":["post-40333","post","type-post","status-publish","format-standard","has-post-thumbnail","hentry","category-noticias","category-rede-privada","category-rede-publica","tag-acao-conjunta","tag-covid-19","tag-icdf","tag-sindenfermeiro"],"_links":{"self":[{"href":"https:\/\/sindenfermeiro.com.br\/index.php\/wp-json\/wp\/v2\/posts\/40333","targetHints":{"allow":["GET"]}}],"collection":[{"href":"https:\/\/sindenfermeiro.com.br\/index.php\/wp-json\/wp\/v2\/posts"}],"about":[{"href":"https:\/\/sindenfermeiro.com.br\/index.php\/wp-json\/wp\/v2\/types\/post"}],"author":[{"embeddable":true,"href":"https:\/\/sindenfermeiro.com.br\/index.php\/wp-json\/wp\/v2\/users\/6"}],"replies":[{"embeddable":true,"href":"https:\/\/sindenfermeiro.com.br\/index.php\/wp-json\/wp\/v2\/comments?post=40333"}],"version-history":[{"count":1,"href":"https:\/\/sindenfermeiro.com.br\/index.php\/wp-json\/wp\/v2\/posts\/40333\/revisions"}],"predecessor-version":[{"id":40335,"href":"https:\/\/sindenfermeiro.com.br\/index.php\/wp-json\/wp\/v2\/posts\/40333\/revisions\/40335"}],"wp:featuredmedia":[{"embeddable":true,"href":"https:\/\/sindenfermeiro.com.br\/index.php\/wp-json\/wp\/v2\/media\/40334"}],"wp:attachment":[{"href":"https:\/\/sindenfermeiro.com.br\/index.php\/wp-json\/wp\/v2\/media?parent=40333"}],"wp:term":[{"taxonomy":"category","embeddable":true,"href":"https:\/\/sindenfermeiro.com.br\/index.php\/wp-json\/wp\/v2\/categories?post=40333"},{"taxonomy":"post_tag","embeddable":true,"href":"https:\/\/sindenfermeiro.com.br\/index.php\/wp-json\/wp\/v2\/tags?post=40333"}],"curies":[{"name":"wp","href":"https:\/\/api.w.org\/{rel}","templated":true}]}}