{"id":40328,"date":"2020-08-26T09:03:15","date_gmt":"2020-08-26T12:03:15","guid":{"rendered":"https:\/\/sindenfermeiro.com.br\/?p=40328"},"modified":"2026-04-26T23:51:37","modified_gmt":"2026-04-27T02:51:37","slug":"nota-de-esclarecimento-prisao-do-secretario-de-saude-na-operacao-falso-negativo","status":"publish","type":"post","link":"https:\/\/sindenfermeiro.com.br\/index.php\/2020\/08\/26\/nota-de-esclarecimento-prisao-do-secretario-de-saude-na-operacao-falso-negativo\/","title":{"rendered":"NOTA DE ESCLARECIMENTO:\u00a0 Pris\u00e3o do Secret\u00e1rio de Sa\u00fade na Opera\u00e7\u00e3o Falso Negativo"},"content":{"rendered":"<p style=\"text-align: justify\"><span style=\"font-weight: 400\">O Sindicato dos Enfermeiros do Distrito Federal (SindEnfermeiro-DF) vem, por meio desta nota, manifestar seu posicionamento frente \u00e0 pris\u00e3o do Secret\u00e1rio de Sa\u00fade e de membros do alto escal\u00e3o da Secretaria de Sa\u00fade do Distrito Federal (SES-DF), na segunda fase da opera\u00e7\u00e3o Falso Negativo.\u00a0<\/span><\/p>\n<p style=\"text-align: justify\"><span style=\"font-weight: 400\">Trata-se de um fato grav\u00edssimo, tendo em vista que o Distrito Federal est\u00e1 no \u00e1pice da pandemia causada pelo novo coronav\u00edrus. Ressaltamos o trabalho do\u00a0 Grupo de Atua\u00e7\u00e3o Especial de Combate ao Crime Organizado (Gaeco), \u00f3rg\u00e3o do Minist\u00e9rio P\u00fablico do Distrito Federal (MPDFT) e de todos \u00f3rg\u00e3os, como o SindEnfermeiro-DF no Controle Social, que t\u00eam participado de a\u00e7\u00f5es intersetoriais e inclusive com o pr\u00f3prio MPDFT.<\/span><\/p>\n<p style=\"text-align: justify\"><span style=\"font-weight: 400\">Defendemos que as investiga\u00e7\u00f5es continuem, e que todos os envolvidos nos crimes tenham a puni\u00e7\u00e3o necess\u00e1ria, respeitando-se o amplo direito de defesa e contradit\u00f3rio, uma vez que testes com qualidade duvidosa colocam em risco a vida da popula\u00e7\u00e3o e de todos os profissionais que est\u00e3o lutando contra a Covid-19.\u00a0<\/span><\/p>\n<p style=\"text-align: justify\"><span style=\"font-weight: 400\">O Sindicato dos Enfermeiros do Distrito Federal defende que a C\u00e2mara Legislativa do DF (CLDF) crie uma Comiss\u00e3o Parlamentar de Inqu\u00e9rito (CPI), para investigar a fundo essas den\u00fancias que aconteceram na SES-DF. Al\u00e9m disso, \u00e9 importante investigar n\u00e3o apenas a Secretaria de Sa\u00fade, mas outros \u00f3rg\u00e3os que nesse momento de pandemia efetuaram compra de equipamentos, contrataram servi\u00e7os e m\u00e3o de obra sem licita\u00e7\u00f5es.\u00a0<\/span><\/p>\n<p style=\"text-align: justify\"><span style=\"font-weight: 400\">Por fim, o SindEnfermeiro ressalta que acompanhar\u00e1 de perto os desdobramentos dessa situa\u00e7\u00e3o e, como entidade representativa dos enfermeiros, continuar\u00e1 fiscalizando e denunciando falta de condi\u00e7\u00f5es para os trabalhadores e popula\u00e7\u00e3o.\u00a0 <\/span><\/p>\n","protected":false},"excerpt":{"rendered":"<p>O Sindicato dos Enfermeiros do Distrito Federal (SindEnfermeiro-DF) vem, por meio desta nota, manifestar seu posicionamento frente \u00e0 pris\u00e3o do Secret\u00e1rio de Sa\u00fade e de membros do alto escal\u00e3o da Secretaria de Sa\u00fade do Distrito Federal (SES-DF), na segunda fase da opera\u00e7\u00e3o Falso Negativo.\u00a0 Trata-se de um fato grav\u00edssimo, tendo em vista que o Distrito [&hellip;]<\/p>\n","protected":false},"author":6,"featured_media":40329,"comment_status":"open","ping_status":"open","sticky":false,"template":"","format":"standard","meta":{"footnotes":""},"categories":[13,5],"tags":[391,7,564,599,151,81],"class_list":["post-40328","post","type-post","status-publish","format-standard","has-post-thumbnail","hentry","category-rede-privada","category-rede-publica","tag-enfermage","tag-enfermagem","tag-nota-de-esclarecimento","tag-prisao","tag-secretario-de-saude","tag-ses-df"],"_links":{"self":[{"href":"https:\/\/sindenfermeiro.com.br\/index.php\/wp-json\/wp\/v2\/posts\/40328","targetHints":{"allow":["GET"]}}],"collection":[{"href":"https:\/\/sindenfermeiro.com.br\/index.php\/wp-json\/wp\/v2\/posts"}],"about":[{"href":"https:\/\/sindenfermeiro.com.br\/index.php\/wp-json\/wp\/v2\/types\/post"}],"author":[{"embeddable":true,"href":"https:\/\/sindenfermeiro.com.br\/index.php\/wp-json\/wp\/v2\/users\/6"}],"replies":[{"embeddable":true,"href":"https:\/\/sindenfermeiro.com.br\/index.php\/wp-json\/wp\/v2\/comments?post=40328"}],"version-history":[{"count":2,"href":"https:\/\/sindenfermeiro.com.br\/index.php\/wp-json\/wp\/v2\/posts\/40328\/revisions"}],"predecessor-version":[{"id":40332,"href":"https:\/\/sindenfermeiro.com.br\/index.php\/wp-json\/wp\/v2\/posts\/40328\/revisions\/40332"}],"wp:featuredmedia":[{"embeddable":true,"href":"https:\/\/sindenfermeiro.com.br\/index.php\/wp-json\/wp\/v2\/media\/40329"}],"wp:attachment":[{"href":"https:\/\/sindenfermeiro.com.br\/index.php\/wp-json\/wp\/v2\/media?parent=40328"}],"wp:term":[{"taxonomy":"category","embeddable":true,"href":"https:\/\/sindenfermeiro.com.br\/index.php\/wp-json\/wp\/v2\/categories?post=40328"},{"taxonomy":"post_tag","embeddable":true,"href":"https:\/\/sindenfermeiro.com.br\/index.php\/wp-json\/wp\/v2\/tags?post=40328"}],"curies":[{"name":"wp","href":"https:\/\/api.w.org\/{rel}","templated":true}]}}