{"id":40314,"date":"2020-08-21T15:55:33","date_gmt":"2020-08-21T18:55:33","guid":{"rendered":"https:\/\/sindenfermeiro.com.br\/?p=40314"},"modified":"2026-04-26T23:50:05","modified_gmt":"2026-04-27T02:50:05","slug":"covid-19-hub-convoca-enfermeiros-para-testar-eficacia-de-vacina","status":"publish","type":"post","link":"https:\/\/sindenfermeiro.com.br\/index.php\/2020\/08\/21\/covid-19-hub-convoca-enfermeiros-para-testar-eficacia-de-vacina\/","title":{"rendered":"COVID-19: HUB convoca enfermeiros para testar efic\u00e1cia de vacina"},"content":{"rendered":"<div id=\"attachment_40315\" style=\"width: 573px\" class=\"wp-caption aligncenter\"><img loading=\"lazy\" decoding=\"async\" aria-describedby=\"caption-attachment-40315\" class=\"wp-image-40315\" src=\"https:\/\/sindenfermeiro.com.br\/wp-content\/uploads\/2020\/08\/imagem-ilustrativa-da-vacina-contra-a-covid-19-causada-pelo-novo-coronavirus-1593723642503_v2_1920x1280.jpg\" alt=\"\" width=\"563\" height=\"375\" srcset=\"https:\/\/sindenfermeiro.com.br\/wp-content\/uploads\/2020\/08\/imagem-ilustrativa-da-vacina-contra-a-covid-19-causada-pelo-novo-coronavirus-1593723642503_v2_1920x1280.jpg 1920w, https:\/\/sindenfermeiro.com.br\/wp-content\/uploads\/2020\/08\/imagem-ilustrativa-da-vacina-contra-a-covid-19-causada-pelo-novo-coronavirus-1593723642503_v2_1920x1280-300x200.jpg 300w, https:\/\/sindenfermeiro.com.br\/wp-content\/uploads\/2020\/08\/imagem-ilustrativa-da-vacina-contra-a-covid-19-causada-pelo-novo-coronavirus-1593723642503_v2_1920x1280-1024x683.jpg 1024w, https:\/\/sindenfermeiro.com.br\/wp-content\/uploads\/2020\/08\/imagem-ilustrativa-da-vacina-contra-a-covid-19-causada-pelo-novo-coronavirus-1593723642503_v2_1920x1280-768x512.jpg 768w, https:\/\/sindenfermeiro.com.br\/wp-content\/uploads\/2020\/08\/imagem-ilustrativa-da-vacina-contra-a-covid-19-causada-pelo-novo-coronavirus-1593723642503_v2_1920x1280-1536x1024.jpg 1536w\" sizes=\"auto, (max-width: 563px) 100vw, 563px\" \/><p id=\"caption-attachment-40315\" class=\"wp-caption-text\"><span style=\"font-size: 10pt\"><strong>Foto: Miguel Noronha (errata &#8211; cr\u00e9ditos atualizados em 03\/05\/2021)<\/strong><\/span><\/p><\/div>\n<p>Durante os \u00faltimos meses, cientistas e pesquisadores de v\u00e1rios pa\u00edses \u2013 incluindo o Brasil, trabalharam incessantemente em busca de uma vacina contra o coronav\u00edrus. E uma delas, produzida pela farmac\u00eautica Sinovac Biotech em parceria com o Instituto Butantan, ser\u00e1 usada em testes com enfermeiros do Distrito Federal \u2013 <a href=\"https:\/\/app.profiscov.com\/\">que j\u00e1 podem se inscrever para participar voluntariamente dos ensaios cl\u00ednicos<\/a>.<\/p>\n<p>Os testes ser\u00e3o coordenados pela Universidade de Bras\u00edlia (UnB), e aplicados no Hospital Universit\u00e1rio de Bras\u00edlia (HUB), que est\u00e1 em busca de profissionais de enfermagem que cumpram os seguintes requisitos:<\/p>\n<p>&#8211; Ter mais de 18 anos<\/p>\n<p>&#8211; Estar na linha de frente do atendimento a pessoas com coronav\u00edrus<\/p>\n<p>&#8211; N\u00e3o ter sido diagnosticado ou testado positivo<\/p>\n<p>&#8211; Ter registro no conselho profissional regional (COREN-DF)<\/p>\n<p>&#8211; Gestantes n\u00e3o podem participar dos testes<\/p>\n<p>&#8211; N\u00e3o participar de outro ensaio cl\u00ednico<\/p>\n<p>&#8211; N\u00e3o apresentar doen\u00e7as cr\u00f4nicas<\/p>\n<p>Para participar, os interessados devem se inscrever atrav\u00e9s do site <a href=\"https:\/\/app.profiscov.com\/\">https:\/\/app.profiscov.com\/<\/a> e preencher todos os dados solicitados no formul\u00e1rio. Ap\u00f3s realizar o pr\u00e9-cadastro, a equipe respons\u00e1vel vai entrar em contato para a confirma\u00e7\u00e3o dos dados e posterior agendamento.<\/p>\n<p>Por fim, aqueles que foram aprovados devem assinar um termo de consentimento, e comparecer periodicamente ao HUB para acompanhamento cl\u00ednico durante 12 meses.<\/p>\n<p><strong>Aplica\u00e7\u00e3o<\/strong><\/p>\n<p>O m\u00e9todo de testes que ser\u00e1 aplicado no HUB funcionar\u00e1 da seguinte forma: o volunt\u00e1rio que foi aprovado receber\u00e1 duas doses da vacina, num intervalo de 14 dias \u2013 sendo que metade dos participantes vai receber um placebo sem efeito farmacol\u00f3gico, com o objetivo de fazer um paralelo entre as rea\u00e7\u00f5es nos dois grupos.<\/p>\n<p><em>Com informa\u00e7\u00f5es do <a href=\"https:\/\/www.coren-df.gov.br\/site\/hub-convida-profissionais-da-enfermagem-para-testar-vacina-contra-a-covid-19\/\">Coren-DF<\/a><\/em><\/p>\n","protected":false},"excerpt":{"rendered":"<p>Durante os \u00faltimos meses, cientistas e pesquisadores de v\u00e1rios pa\u00edses \u2013 incluindo o Brasil, trabalharam incessantemente em busca de uma vacina contra o coronav\u00edrus. E uma delas, produzida pela farmac\u00eautica Sinovac Biotech em parceria com o Instituto Butantan, ser\u00e1 usada em testes com enfermeiros do Distrito Federal \u2013 que j\u00e1 podem se inscrever para participar [&hellip;]<\/p>\n","protected":false},"author":6,"featured_media":40315,"comment_status":"open","ping_status":"open","sticky":false,"template":"","format":"standard","meta":{"footnotes":""},"categories":[6,13,5],"tags":[597,424,54,596,565,584],"class_list":["post-40314","post","type-post","status-publish","format-standard","has-post-thumbnail","hentry","category-noticias","category-rede-privada","category-rede-publica","tag-butantan","tag-coronavirus","tag-enfermeiros","tag-sinovac","tag-testes","tag-vacina"],"_links":{"self":[{"href":"https:\/\/sindenfermeiro.com.br\/index.php\/wp-json\/wp\/v2\/posts\/40314","targetHints":{"allow":["GET"]}}],"collection":[{"href":"https:\/\/sindenfermeiro.com.br\/index.php\/wp-json\/wp\/v2\/posts"}],"about":[{"href":"https:\/\/sindenfermeiro.com.br\/index.php\/wp-json\/wp\/v2\/types\/post"}],"author":[{"embeddable":true,"href":"https:\/\/sindenfermeiro.com.br\/index.php\/wp-json\/wp\/v2\/users\/6"}],"replies":[{"embeddable":true,"href":"https:\/\/sindenfermeiro.com.br\/index.php\/wp-json\/wp\/v2\/comments?post=40314"}],"version-history":[{"count":4,"href":"https:\/\/sindenfermeiro.com.br\/index.php\/wp-json\/wp\/v2\/posts\/40314\/revisions"}],"predecessor-version":[{"id":41612,"href":"https:\/\/sindenfermeiro.com.br\/index.php\/wp-json\/wp\/v2\/posts\/40314\/revisions\/41612"}],"wp:featuredmedia":[{"embeddable":true,"href":"https:\/\/sindenfermeiro.com.br\/index.php\/wp-json\/wp\/v2\/media\/40315"}],"wp:attachment":[{"href":"https:\/\/sindenfermeiro.com.br\/index.php\/wp-json\/wp\/v2\/media?parent=40314"}],"wp:term":[{"taxonomy":"category","embeddable":true,"href":"https:\/\/sindenfermeiro.com.br\/index.php\/wp-json\/wp\/v2\/categories?post=40314"},{"taxonomy":"post_tag","embeddable":true,"href":"https:\/\/sindenfermeiro.com.br\/index.php\/wp-json\/wp\/v2\/tags?post=40314"}],"curies":[{"name":"wp","href":"https:\/\/api.w.org\/{rel}","templated":true}]}}