{"id":40310,"date":"2020-08-19T17:33:31","date_gmt":"2020-08-19T20:33:31","guid":{"rendered":"https:\/\/sindenfermeiro.com.br\/?p=40310"},"modified":"2026-04-27T05:25:52","modified_gmt":"2026-04-27T08:25:52","slug":"nota-de-pesar-lucia-helena-pires-vaz","status":"publish","type":"post","link":"https:\/\/sindenfermeiro.com.br\/index.php\/2020\/08\/19\/nota-de-pesar-lucia-helena-pires-vaz\/","title":{"rendered":"[Nota de pesar: Lucia Helena Pires Vaz]"},"content":{"rendered":"<p style=\"text-align: justify\">O Sindicato dos Enfermeiros do Distrito Federal (SindEnfermeiro-DF) lamenta profundamente o falecimento da enfermeira Lucia Helena Pires Vaz \u2013 que atuava na linha de frente do combate ao coronav\u00edrus no Hospital Regional de Samambaia (HRSAM) \u2013 e deixa as suas condol\u00eancias a todos os familiares, amigos e colegas.<\/p>\n<p style=\"text-align: justify\">Como institui\u00e7\u00e3o representativa dos enfermeiros, enaltecemos a dedica\u00e7\u00e3o de L\u00facia desde o in\u00edcio da sua atua\u00e7\u00e3o na Secretaria de Sa\u00fade do DF (SES-DF), em 2018, auxiliando pacientes na Unidade de Pronto Atendimento (UPA) da Samambaia e do Pronto Socorro do Hospital Regional de Samambaia (HRSAM). O SindEnfermeiro se coloca \u00e0 disposi\u00e7\u00e3o da fam\u00edlia para ajudar no que for poss\u00edvel.<\/p>\n<p style=\"text-align: justify\">O sindicato continuar\u00e1 lutando para que os enfermeiros do DF tenham condi\u00e7\u00f5es de desempenhar suas fun\u00e7\u00f5es, e lembra \u00e0 popula\u00e7\u00e3o que o respeito \u00e0s medidas de preven\u00e7\u00e3o contra o coronav\u00edrus \u00e9 fundamental, n\u00e3o apenas para a prote\u00e7\u00e3o daqueles que voc\u00ea ama, mas como uma forma de valorizar e respeitar o importante trabalho de cada profissional da sa\u00fade durante essa pandemia.<\/p>\n<p style=\"text-align: justify\">A sua dedica\u00e7\u00e3o custou a pr\u00f3pria vida, mas tamb\u00e9m ajudou a salvar muitas outras, bem como zelar pelos ideais da profiss\u00e3o. Obrigado por tudo, briosa e destemida enfermeira Lucia!<\/p>\n","protected":false},"excerpt":{"rendered":"<p>O Sindicato dos Enfermeiros do Distrito Federal (SindEnfermeiro-DF) lamenta profundamente o falecimento da enfermeira Lucia Helena Pires Vaz \u2013 que atuava na linha de frente do combate ao coronav\u00edrus no Hospital Regional de Samambaia (HRSAM) \u2013 e deixa as suas condol\u00eancias a todos os familiares, amigos e colegas. Como institui\u00e7\u00e3o representativa dos enfermeiros, enaltecemos a [&hellip;]<\/p>\n","protected":false},"author":6,"featured_media":40311,"comment_status":"open","ping_status":"open","sticky":false,"template":"","format":"standard","meta":{"footnotes":""},"categories":[6,5],"tags":[],"class_list":["post-40310","post","type-post","status-publish","format-standard","has-post-thumbnail","hentry","category-noticias","category-rede-publica"],"_links":{"self":[{"href":"https:\/\/sindenfermeiro.com.br\/index.php\/wp-json\/wp\/v2\/posts\/40310","targetHints":{"allow":["GET"]}}],"collection":[{"href":"https:\/\/sindenfermeiro.com.br\/index.php\/wp-json\/wp\/v2\/posts"}],"about":[{"href":"https:\/\/sindenfermeiro.com.br\/index.php\/wp-json\/wp\/v2\/types\/post"}],"author":[{"embeddable":true,"href":"https:\/\/sindenfermeiro.com.br\/index.php\/wp-json\/wp\/v2\/users\/6"}],"replies":[{"embeddable":true,"href":"https:\/\/sindenfermeiro.com.br\/index.php\/wp-json\/wp\/v2\/comments?post=40310"}],"version-history":[{"count":2,"href":"https:\/\/sindenfermeiro.com.br\/index.php\/wp-json\/wp\/v2\/posts\/40310\/revisions"}],"predecessor-version":[{"id":40313,"href":"https:\/\/sindenfermeiro.com.br\/index.php\/wp-json\/wp\/v2\/posts\/40310\/revisions\/40313"}],"wp:featuredmedia":[{"embeddable":true,"href":"https:\/\/sindenfermeiro.com.br\/index.php\/wp-json\/wp\/v2\/media\/40311"}],"wp:attachment":[{"href":"https:\/\/sindenfermeiro.com.br\/index.php\/wp-json\/wp\/v2\/media?parent=40310"}],"wp:term":[{"taxonomy":"category","embeddable":true,"href":"https:\/\/sindenfermeiro.com.br\/index.php\/wp-json\/wp\/v2\/categories?post=40310"},{"taxonomy":"post_tag","embeddable":true,"href":"https:\/\/sindenfermeiro.com.br\/index.php\/wp-json\/wp\/v2\/tags?post=40310"}],"curies":[{"name":"wp","href":"https:\/\/api.w.org\/{rel}","templated":true}]}}