{"id":40308,"date":"2020-08-14T17:40:07","date_gmt":"2020-08-14T20:40:07","guid":{"rendered":"https:\/\/sindenfermeiro.com.br\/?p=40308"},"modified":"2026-04-27T00:43:34","modified_gmt":"2026-04-27T03:43:34","slug":"pagamento-do-13o-enfermeiros-do-igesdf-recebem-primeira-parcela","status":"publish","type":"post","link":"https:\/\/sindenfermeiro.com.br\/index.php\/2020\/08\/14\/pagamento-do-13o-enfermeiros-do-igesdf-recebem-primeira-parcela\/","title":{"rendered":"PAGAMENTO DO 13\u00ba: enfermeiros do IGESDF recebem primeira parcela"},"content":{"rendered":"<p><img loading=\"lazy\" decoding=\"async\" class=\"aligncenter wp-image-40122 \" src=\"https:\/\/sindenfermeiro.com.br\/wp-content\/uploads\/2020\/07\/capa174.jpg\" alt=\"\" width=\"664\" height=\"443\" srcset=\"https:\/\/sindenfermeiro.com.br\/wp-content\/uploads\/2020\/07\/capa174.jpg 960w, https:\/\/sindenfermeiro.com.br\/wp-content\/uploads\/2020\/07\/capa174-300x200.jpg 300w, https:\/\/sindenfermeiro.com.br\/wp-content\/uploads\/2020\/07\/capa174-768x512.jpg 768w\" sizes=\"auto, (max-width: 664px) 100vw, 664px\" \/><\/p>\n<p style=\"text-align: center\">Foto: reprodu\u00e7\u00e3o da internet\/Google imagens<\/p>\n<p>&nbsp;<\/p>\n<p>O Sindicato dos Enfermeiros do Distrito Federal (SindEnfermeiro-DF) vem por meio desta nota atualizar as informa\u00e7\u00f5es referentes ao pagamento da primeira parcela do 13\u00ba sal\u00e1rio dos enfermeiros que atuam no Instituto de Gest\u00e3o Estrat\u00e9gica de Sa\u00fade do Distrito Federal (IGESDF). De acordo com informa\u00e7\u00f5es dos trabalhadores, os pagamentos est\u00e3o sendo realizados assim como o acordado.<\/p>\n<p>A entidade alegou, durante reuni\u00e3o com a presidente do SindEnfermeiro no \u00faltimo dia 31, que a mudan\u00e7a na data do pagamento da 1\u00ba parcela se deu por conta de dificuldades na aquisi\u00e7\u00e3o e na alta do pre\u00e7o de insumos essenciais, o que, segundo o IGES, poderia levar ao risco de desabastecimento nas unidades.<\/p>\n<p><strong>A import\u00e2ncia do pagamento<\/strong><\/p>\n<p>A presidente do SindEnfermeiro, Dayse Amar\u00edlio, pediu que a posi\u00e7\u00e3o fosse revista na ocasi\u00e3o, e ressaltou que o pagamento seria uma forma de reconhecer o importante servi\u00e7o prestado pelos enfermeiros e outros profissionais durante a pandemia do coronav\u00edrus.<\/p>\n<p>Conforme havia sido acordado entre o sindicato e o instituto na reuni\u00e3o, e decidido pelos enfermeiros atrav\u00e9s de assembleia virtual realizada no \u00faltimo dia 06 de agosto, os pagamentos deveriam ser regularizados at\u00e9 a data de hoje \u2013 o que est\u00e1 sendo cumprido.<\/p>\n<p>O SindEnfermeiro reafirma a sua posi\u00e7\u00e3o em busca do di\u00e1logo como o caminho para que os direitos dos enfermeiros sejam respeitados, e ressalta que n\u00e3o medir\u00e1 esfor\u00e7os para garantir a valoriza\u00e7\u00e3o de uma categoria que, se antes j\u00e1 se mostrava importante, com a pandemia do coronav\u00edrus tornou-se imprescind\u00edvel.<\/p>\n","protected":false},"excerpt":{"rendered":"<p>Foto: reprodu\u00e7\u00e3o da internet\/Google imagens &nbsp; O Sindicato dos Enfermeiros do Distrito Federal (SindEnfermeiro-DF) vem por meio desta nota atualizar as informa\u00e7\u00f5es referentes ao pagamento da primeira parcela do 13\u00ba sal\u00e1rio dos enfermeiros que atuam no Instituto de Gest\u00e3o Estrat\u00e9gica de Sa\u00fade do Distrito Federal (IGESDF). De acordo com informa\u00e7\u00f5es dos trabalhadores, os pagamentos est\u00e3o [&hellip;]<\/p>\n","protected":false},"author":6,"featured_media":40122,"comment_status":"open","ping_status":"open","sticky":false,"template":"","format":"standard","meta":{"footnotes":""},"categories":[6,13],"tags":[595,313,21],"class_list":["post-40308","post","type-post","status-publish","format-standard","has-post-thumbnail","hentry","category-noticias","category-rede-privada","tag-13o","tag-igesdf","tag-sindenfermeiro"],"_links":{"self":[{"href":"https:\/\/sindenfermeiro.com.br\/index.php\/wp-json\/wp\/v2\/posts\/40308","targetHints":{"allow":["GET"]}}],"collection":[{"href":"https:\/\/sindenfermeiro.com.br\/index.php\/wp-json\/wp\/v2\/posts"}],"about":[{"href":"https:\/\/sindenfermeiro.com.br\/index.php\/wp-json\/wp\/v2\/types\/post"}],"author":[{"embeddable":true,"href":"https:\/\/sindenfermeiro.com.br\/index.php\/wp-json\/wp\/v2\/users\/6"}],"replies":[{"embeddable":true,"href":"https:\/\/sindenfermeiro.com.br\/index.php\/wp-json\/wp\/v2\/comments?post=40308"}],"version-history":[{"count":3,"href":"https:\/\/sindenfermeiro.com.br\/index.php\/wp-json\/wp\/v2\/posts\/40308\/revisions"}],"predecessor-version":[{"id":41554,"href":"https:\/\/sindenfermeiro.com.br\/index.php\/wp-json\/wp\/v2\/posts\/40308\/revisions\/41554"}],"wp:featuredmedia":[{"embeddable":true,"href":"https:\/\/sindenfermeiro.com.br\/index.php\/wp-json\/wp\/v2\/media\/40122"}],"wp:attachment":[{"href":"https:\/\/sindenfermeiro.com.br\/index.php\/wp-json\/wp\/v2\/media?parent=40308"}],"wp:term":[{"taxonomy":"category","embeddable":true,"href":"https:\/\/sindenfermeiro.com.br\/index.php\/wp-json\/wp\/v2\/categories?post=40308"},{"taxonomy":"post_tag","embeddable":true,"href":"https:\/\/sindenfermeiro.com.br\/index.php\/wp-json\/wp\/v2\/tags?post=40308"}],"curies":[{"name":"wp","href":"https:\/\/api.w.org\/{rel}","templated":true}]}}