{"id":40299,"date":"2020-08-11T15:17:04","date_gmt":"2020-08-11T18:17:04","guid":{"rendered":"https:\/\/sindenfermeiro.com.br\/?p=40299"},"modified":"2026-04-26T23:52:33","modified_gmt":"2026-04-27T02:52:33","slug":"sindenfermeiro-se-reune-com-diretoria-do-icdf-para-discutir-pautas-dos-enfermeiros-da-unidade","status":"publish","type":"post","link":"https:\/\/sindenfermeiro.com.br\/index.php\/2020\/08\/11\/sindenfermeiro-se-reune-com-diretoria-do-icdf-para-discutir-pautas-dos-enfermeiros-da-unidade\/","title":{"rendered":"SindEnfermeiro se re\u00fane com diretoria do ICDF para discutir pautas dos enfermeiros da unidade"},"content":{"rendered":"<p><img loading=\"lazy\" decoding=\"async\" class=\"aligncenter wp-image-40303 \" src=\"https:\/\/sindenfermeiro.com.br\/wp-content\/uploads\/2020\/08\/WhatsApp-Image-2020-08-11-at-13.53.46.jpeg\" alt=\"\" width=\"624\" height=\"390\" srcset=\"https:\/\/sindenfermeiro.com.br\/wp-content\/uploads\/2020\/08\/WhatsApp-Image-2020-08-11-at-13.53.46.jpeg 1024w, https:\/\/sindenfermeiro.com.br\/wp-content\/uploads\/2020\/08\/WhatsApp-Image-2020-08-11-at-13.53.46-300x188.jpeg 300w, https:\/\/sindenfermeiro.com.br\/wp-content\/uploads\/2020\/08\/WhatsApp-Image-2020-08-11-at-13.53.46-768x480.jpeg 768w\" sizes=\"auto, (max-width: 624px) 100vw, 624px\" \/><\/p>\n<p>Na manh\u00e3 de hoje (11), o Sindicato dos Enfermeiros do Distrito Federal (SindEnfermeiro-DF) esteve reunido com a c\u00fapula diretora do Instituto de Cardiologia do DF (ICDF), para tratar de assuntos relacionados ao trabalho dos enfermeiros da unidade. Estiveram presentes, representando o sindicato, o secret\u00e1rio-geral Jorge Henrique, e a advogada Jacqueline Sousa, do departamento jur\u00eddico.<\/p>\n<p>Na reuni\u00e3o, realizada com a gerente de recursos humanos do ICDF, Beatriz Santos Barbosa, e com o gerente de enfermagem do instituto, Higor Alencar dos Santos, foram discutidas pautas levantadas pelos enfermeiros durante a \u00faltima assembleia realizada \u2013 como a falta de insumos para os profissionais, dificuldades para a testagem de Covid-19, entre outras pautas que afetam a rotina dos trabalhadores.<\/p>\n<p>O ICDF se comprometeu a regularizar todas as quest\u00f5es que foram levantadas pelos trabalhadores, garantindo que o objetivo \u00e9 de melhorar as condi\u00e7\u00f5es para a presta\u00e7\u00e3o da assist\u00eancia na unidade.<\/p>\n<p>Por fim, o SindEnfermeiro reitera mais uma vez a sua posi\u00e7\u00e3o de buscar o di\u00e1logo para que os direitos trabalhistas dos enfermeiros, tanto na rede p\u00fablica como privada, sejam assegurados de maneira justa.<\/p>\n","protected":false},"excerpt":{"rendered":"<p>Na manh\u00e3 de hoje (11), o Sindicato dos Enfermeiros do Distrito Federal (SindEnfermeiro-DF) esteve reunido com a c\u00fapula diretora do Instituto de Cardiologia do DF (ICDF), para tratar de assuntos relacionados ao trabalho dos enfermeiros da unidade. Estiveram presentes, representando o sindicato, o secret\u00e1rio-geral Jorge Henrique, e a advogada Jacqueline Sousa, do departamento jur\u00eddico. Na [&hellip;]<\/p>\n","protected":false},"author":6,"featured_media":40303,"comment_status":"open","ping_status":"open","sticky":false,"template":"","format":"standard","meta":{"footnotes":""},"categories":[6,13],"tags":[594,103,21],"class_list":["post-40299","post","type-post","status-publish","format-standard","has-post-thumbnail","hentry","category-noticias","category-rede-privada","tag-icdf","tag-reuniao","tag-sindenfermeiro"],"_links":{"self":[{"href":"https:\/\/sindenfermeiro.com.br\/index.php\/wp-json\/wp\/v2\/posts\/40299","targetHints":{"allow":["GET"]}}],"collection":[{"href":"https:\/\/sindenfermeiro.com.br\/index.php\/wp-json\/wp\/v2\/posts"}],"about":[{"href":"https:\/\/sindenfermeiro.com.br\/index.php\/wp-json\/wp\/v2\/types\/post"}],"author":[{"embeddable":true,"href":"https:\/\/sindenfermeiro.com.br\/index.php\/wp-json\/wp\/v2\/users\/6"}],"replies":[{"embeddable":true,"href":"https:\/\/sindenfermeiro.com.br\/index.php\/wp-json\/wp\/v2\/comments?post=40299"}],"version-history":[{"count":1,"href":"https:\/\/sindenfermeiro.com.br\/index.php\/wp-json\/wp\/v2\/posts\/40299\/revisions"}],"predecessor-version":[{"id":40304,"href":"https:\/\/sindenfermeiro.com.br\/index.php\/wp-json\/wp\/v2\/posts\/40299\/revisions\/40304"}],"wp:featuredmedia":[{"embeddable":true,"href":"https:\/\/sindenfermeiro.com.br\/index.php\/wp-json\/wp\/v2\/media\/40303"}],"wp:attachment":[{"href":"https:\/\/sindenfermeiro.com.br\/index.php\/wp-json\/wp\/v2\/media?parent=40299"}],"wp:term":[{"taxonomy":"category","embeddable":true,"href":"https:\/\/sindenfermeiro.com.br\/index.php\/wp-json\/wp\/v2\/categories?post=40299"},{"taxonomy":"post_tag","embeddable":true,"href":"https:\/\/sindenfermeiro.com.br\/index.php\/wp-json\/wp\/v2\/tags?post=40299"}],"curies":[{"name":"wp","href":"https:\/\/api.w.org\/{rel}","templated":true}]}}