{"id":40289,"date":"2020-08-10T12:03:02","date_gmt":"2020-08-10T15:03:02","guid":{"rendered":"https:\/\/sindenfermeiro.com.br\/?p=40289"},"modified":"2026-04-30T07:32:00","modified_gmt":"2026-04-30T10:32:00","slug":"nota-oficial","status":"publish","type":"post","link":"https:\/\/sindenfermeiro.com.br\/index.php\/2020\/08\/10\/nota-oficial\/","title":{"rendered":"Nota Oficial"},"content":{"rendered":"<p style=\"text-align: justify\">Na \u00faltima sexta-feira, (07), o Sindicato dos Enfermeiros do Distrito Federal (SindEnfermeiro-DF) participou de uma audi\u00eancia de concilia\u00e7\u00e3o com Gustavo Gayer, empres\u00e1rio goiano, que em 1\u00ba de maio divulgou em uma rede social uma not\u00edcia desencontrada sobre a manifesta\u00e7\u00e3o feita pelos trabalhadores da enfermagem.<\/p>\n<p style=\"text-align: justify\">O departamento jur\u00eddico do SindEnfermeiro entrou com uma a\u00e7\u00e3o judicial contra Gustavo, uma vez que o fato compartilhado n\u00e3o era ver\u00eddico. Na audi\u00eancia de concilia\u00e7\u00e3o ficou acordado que o empres\u00e1rio se retrataria sobre a divulga\u00e7\u00e3o da inverdade, e o SindEnfermeiro divulgaria essa retrata\u00e7\u00e3o.<\/p>\n<p style=\"text-align: justify\"><strong>Confira a retrata\u00e7\u00e3o de Gustavo Gayer na \u00edntegra:<\/strong><\/p>\n<p style=\"text-align: justify\"><em>\u201cPor meio deste comunicado, eu, Gustavo Gayer, esclare\u00e7o que as manifesta\u00e7\u00f5es ocorridas no dia 01\/05\/2020 em Bras\u00edlia-DF, organizadas pelo Sindenfermeiro\/DF e outras entidades da sa\u00fade, foram leg\u00edtimas e contaram somente com a participa\u00e7\u00e3o de Enfermeiros e profissionais da sa\u00fade, em geral, n\u00e3o sendo do meu conhecimento a presen\u00e7a de outras pessoas que n\u00e3o fossem profissionais da \u00e1rea. Logo, pe\u00e7o escusas pela divulga\u00e7\u00e3o de v\u00eddeos que macularam a honra desses nobres profissionais. Desta feita, como comunicador que sou, jamais tive qualquer inten\u00e7\u00e3o em divulgar not\u00edcias falsas, ou mesmo prejudicar o ato nobre e leg\u00edtimo ent\u00e3o realizado.<\/em><\/p>\n<p style=\"text-align: justify\"><em>Gostaria tamb\u00e9m de reiterar e externar os meus agradecimentos aos profissionais da \u00e1rea da sa\u00fade pelo protagonismo exercido diante dos efeitos da pandemia global que assolam o nosso pa\u00eds, em especial a classe dos enfermeiros, enfermeiras, t\u00e9cnicos e t\u00e9cnicas de Enfermagem. A dedica\u00e7\u00e3o, todos os valiosos esfor\u00e7os f\u00edsicos e psicol\u00f3gicos despendiados, al\u00e9m da \u00e9tica de trabalho altru\u00edsta exercidos neste momento de exce\u00e7\u00e3o, est\u00e3o sendo determinantes para que os efeitos da crise global sejam mitigados no Brasil. A dura crise que estamos enfrentando deixar\u00e1 diversos legados a toda humanidade, tornando perene o respeito e a admira\u00e7\u00e3o aos profissionais envolvidos em seu combate, sendo que qualquer interpreta\u00e7\u00e3o diversa dos votos de estima ora explanados, n\u00e3o condizem com o pensamento deste interlocutor, trazendo a efeito, inclusive, a legitimidade das manifesta\u00e7\u00f5es ocorridas no dia 01\/05\/2020 em Bras\u00edlia \u2013 DF\u201d.<\/em><\/p>\n<p style=\"text-align: justify\">Deste modo, o SindEnfermeiro-DF reitera que Gustavo Gayer n\u00e3o tem rela\u00e7\u00e3o alguma com as agress\u00f5es f\u00edsicas e verbais sofridas por alguns enfermeiros no citado ato, pois, conforme foi apurado, no momento dos fatos ele n\u00e3o se encontrava nas proximidades da Pra\u00e7a dos Tr\u00eas Poderes.<\/p>\n","protected":false},"excerpt":{"rendered":"<p>Na \u00faltima sexta-feira, (07), o Sindicato dos Enfermeiros do Distrito Federal (SindEnfermeiro-DF) participou de uma audi\u00eancia de concilia\u00e7\u00e3o com Gustavo Gayer, empres\u00e1rio goiano, que em 1\u00ba de maio divulgou em uma rede social uma not\u00edcia desencontrada sobre a manifesta\u00e7\u00e3o feita pelos trabalhadores da enfermagem. O departamento jur\u00eddico do SindEnfermeiro entrou com uma a\u00e7\u00e3o judicial contra [&hellip;]<\/p>\n","protected":false},"author":6,"featured_media":40290,"comment_status":"open","ping_status":"open","sticky":false,"template":"","format":"standard","meta":{"footnotes":""},"categories":[334,6,13,5],"tags":[516,138,7,591,61,21],"class_list":["post-40289","post","type-post","status-publish","format-standard","has-post-thumbnail","hentry","category-juridico","category-noticias","category-rede-privada","category-rede-publica","tag-ato-1o-de-maio","tag-departamento-juridico","tag-enfermagem","tag-fake-news","tag-juridico","tag-sindenfermeiro"],"_links":{"self":[{"href":"https:\/\/sindenfermeiro.com.br\/index.php\/wp-json\/wp\/v2\/posts\/40289","targetHints":{"allow":["GET"]}}],"collection":[{"href":"https:\/\/sindenfermeiro.com.br\/index.php\/wp-json\/wp\/v2\/posts"}],"about":[{"href":"https:\/\/sindenfermeiro.com.br\/index.php\/wp-json\/wp\/v2\/types\/post"}],"author":[{"embeddable":true,"href":"https:\/\/sindenfermeiro.com.br\/index.php\/wp-json\/wp\/v2\/users\/6"}],"replies":[{"embeddable":true,"href":"https:\/\/sindenfermeiro.com.br\/index.php\/wp-json\/wp\/v2\/comments?post=40289"}],"version-history":[{"count":5,"href":"https:\/\/sindenfermeiro.com.br\/index.php\/wp-json\/wp\/v2\/posts\/40289\/revisions"}],"predecessor-version":[{"id":40307,"href":"https:\/\/sindenfermeiro.com.br\/index.php\/wp-json\/wp\/v2\/posts\/40289\/revisions\/40307"}],"wp:featuredmedia":[{"embeddable":true,"href":"https:\/\/sindenfermeiro.com.br\/index.php\/wp-json\/wp\/v2\/media\/40290"}],"wp:attachment":[{"href":"https:\/\/sindenfermeiro.com.br\/index.php\/wp-json\/wp\/v2\/media?parent=40289"}],"wp:term":[{"taxonomy":"category","embeddable":true,"href":"https:\/\/sindenfermeiro.com.br\/index.php\/wp-json\/wp\/v2\/categories?post=40289"},{"taxonomy":"post_tag","embeddable":true,"href":"https:\/\/sindenfermeiro.com.br\/index.php\/wp-json\/wp\/v2\/tags?post=40289"}],"curies":[{"name":"wp","href":"https:\/\/api.w.org\/{rel}","templated":true}]}}