{"id":40255,"date":"2020-08-07T11:39:12","date_gmt":"2020-08-07T14:39:12","guid":{"rendered":"https:\/\/sindenfermeiro.com.br\/?p=40255"},"modified":"2026-04-26T23:51:37","modified_gmt":"2026-04-27T02:51:37","slug":"sindenfermeiro-faz-assembleia-virtual-para-tratar-do-pagamento-do-13o-e-acoes-contra-a-covid","status":"publish","type":"post","link":"https:\/\/sindenfermeiro.com.br\/index.php\/2020\/08\/07\/sindenfermeiro-faz-assembleia-virtual-para-tratar-do-pagamento-do-13o-e-acoes-contra-a-covid\/","title":{"rendered":"SindEnfermeiro faz assembleia virtual para tratar do pagamento do 13\u00ba e a\u00e7\u00f5es contra a Covid"},"content":{"rendered":"<p style=\"text-align: justify\">Na noite da \u00faltima quinta-feira (06), o Sindicato dos Enfermeiros do Distrito Federal (SindEnfermeiro-DF) realizou uma assembleia com os enfermeiros do Instituto de Gest\u00e3o Estrat\u00e9gica de Sa\u00fade do Distrito Federal (IGESDF) para tratar do pagamento da primeira parcela do 13\u00ba sal\u00e1rio dos trabalhadores do instituto.<\/p>\n<p style=\"text-align: justify\">Por causa da pandemia e para evitar aglomera\u00e7\u00f5es, o encontro aconteceu de maneira virtual, e contou com a presen\u00e7a da presidente e do secret\u00e1rio-geral do SindEnfermeiro, Dayse Amar\u00edlio e Jorge Henrique \u2013 respectivamente -, de trabalhadores e um representante do departamento jur\u00eddico do sindicato.<\/p>\n<p style=\"text-align: justify\"><strong>Proposta do IGES e a\u00e7\u00f5es do SindEnfermeiro<\/strong><\/p>\n<p style=\"text-align: justify\">A pauta principal da reuni\u00e3o foi a proposta oficial do IGESDF sobre o pagamento da primeira parcela dos 13\u00ba sal\u00e1rio dos trabalhadores. Os representantes do SindEnfermeiro expuseram a situa\u00e7\u00e3o do instituto para os trabalhadores. A maioria dos enfermeiros presentes votou por aceitar o pagamento da primeira parcela do 13\u00ba sal\u00e1rio at\u00e9 o dia 14 de agosto de 2020.<\/p>\n<p style=\"text-align: justify\">De acordo com o instituto, a mudan\u00e7a na data do pagamento se deu por conta de dificuldades junto a alguns fornecedores \u2013que aceitam apenas pagamentos \u00e0 vista pelo fornecimento de produtos e servi\u00e7os al\u00e9m do o aumento absurdo de itens essenciais como medica\u00e7\u00f5es utilizadas em procedimentos, o que, segundo o IGES, poderia levar ao risco de desabastecimento de insumos essenciais nas unidades.<\/p>\n<p style=\"text-align: justify\">Por conta da atua\u00e7\u00e3o do SindEnfermeiro, o IGESDF abriu essa negocia\u00e7\u00e3o, uma vez que ao tomar ci\u00eancia da mudan\u00e7a na data do pagamento, o sindicato solicitou uma reuni\u00e3o com o presidente do instituo e com o secret\u00e1rio de sa\u00fade, para que houvesse uma proposta concreta para resolu\u00e7\u00e3o dessa quest\u00e3o.<\/p>\n<p style=\"text-align: justify\">Al\u00e9m disso, foram apresentadas as a\u00e7\u00f5es administrativas e jur\u00eddicas que o sindicato tem tomado em combate \u00e0 Covid-19. Especialmente as que visam garantir a melhoria de condi\u00e7\u00f5es de trabalho para a categoria, com destaque para as a\u00e7\u00f5es que visam impedir o descumprimento de normas de sa\u00fade e seguran\u00e7a do trabalho. Outro ponto exposto foi a a\u00e7\u00e3o judicial sobre o pagamento de 40% de insalubridade aos enfermeiros que est\u00e3o diretamente expostos \u00e0 Covid.<\/p>\n<p style=\"text-align: justify\"><strong>Condi\u00e7\u00f5es de trabalho<\/strong><\/p>\n<p style=\"text-align: justify\">Questionados sobre o fornecimento e a qualidade dos equipamentos de prote\u00e7\u00e3o individual (EPIs) fornecidos pelo IGESDF, os enfermeiros relataram a distribui\u00e7\u00e3o dos EPIs est\u00e1 satisfat\u00f3ria, por\u00e9m, a qualidade n\u00e3o est\u00e1 adequada.<\/p>\n<p style=\"text-align: justify\">De acordo com eles, a \u00faltima remessa de m\u00e1scara n\u00e3o continha filtro, os capotes cir\u00fargicos n\u00e3o est\u00e3o sendo trocados quando necess\u00e1rio e as m\u00e1scaras N95 foram fornecidas de forma insuficiente. O SindEnfermeiro continuar\u00e1 com as cobran\u00e7as e tratativas para que sejam garantidos e oferecidos aos trabalhadores EPIs de qualidade.<\/p>\n<p style=\"text-align: justify\">A assembleia contou com a participa\u00e7\u00e3o de enfermeiros lotados no Hospital de Base, Hospital Regional de Santa Maria e nas Unidades de Pronto Atendimento de Ceil\u00e2ndia e Samambaia.<\/p>\n","protected":false},"excerpt":{"rendered":"<p>Na noite da \u00faltima quinta-feira (06), o Sindicato dos Enfermeiros do Distrito Federal (SindEnfermeiro-DF) realizou uma assembleia com os enfermeiros do Instituto de Gest\u00e3o Estrat\u00e9gica de Sa\u00fade do Distrito Federal (IGESDF) para tratar do pagamento da primeira parcela do 13\u00ba sal\u00e1rio dos trabalhadores do instituto. Por causa da pandemia e para evitar aglomera\u00e7\u00f5es, o encontro [&hellip;]<\/p>\n","protected":false},"author":6,"featured_media":40256,"comment_status":"open","ping_status":"open","sticky":false,"template":"","format":"standard","meta":{"footnotes":""},"categories":[6,13,5],"tags":[413,590,313,21],"class_list":["post-40255","post","type-post","status-publish","format-standard","has-post-thumbnail","hentry","category-noticias","category-rede-privada","category-rede-publica","tag-assembleia","tag-enfermgem","tag-igesdf","tag-sindenfermeiro"],"_links":{"self":[{"href":"https:\/\/sindenfermeiro.com.br\/index.php\/wp-json\/wp\/v2\/posts\/40255","targetHints":{"allow":["GET"]}}],"collection":[{"href":"https:\/\/sindenfermeiro.com.br\/index.php\/wp-json\/wp\/v2\/posts"}],"about":[{"href":"https:\/\/sindenfermeiro.com.br\/index.php\/wp-json\/wp\/v2\/types\/post"}],"author":[{"embeddable":true,"href":"https:\/\/sindenfermeiro.com.br\/index.php\/wp-json\/wp\/v2\/users\/6"}],"replies":[{"embeddable":true,"href":"https:\/\/sindenfermeiro.com.br\/index.php\/wp-json\/wp\/v2\/comments?post=40255"}],"version-history":[{"count":9,"href":"https:\/\/sindenfermeiro.com.br\/index.php\/wp-json\/wp\/v2\/posts\/40255\/revisions"}],"predecessor-version":[{"id":40265,"href":"https:\/\/sindenfermeiro.com.br\/index.php\/wp-json\/wp\/v2\/posts\/40255\/revisions\/40265"}],"wp:featuredmedia":[{"embeddable":true,"href":"https:\/\/sindenfermeiro.com.br\/index.php\/wp-json\/wp\/v2\/media\/40256"}],"wp:attachment":[{"href":"https:\/\/sindenfermeiro.com.br\/index.php\/wp-json\/wp\/v2\/media?parent=40255"}],"wp:term":[{"taxonomy":"category","embeddable":true,"href":"https:\/\/sindenfermeiro.com.br\/index.php\/wp-json\/wp\/v2\/categories?post=40255"},{"taxonomy":"post_tag","embeddable":true,"href":"https:\/\/sindenfermeiro.com.br\/index.php\/wp-json\/wp\/v2\/tags?post=40255"}],"curies":[{"name":"wp","href":"https:\/\/api.w.org\/{rel}","templated":true}]}}