{"id":40242,"date":"2020-08-04T11:12:08","date_gmt":"2020-08-04T14:12:08","guid":{"rendered":"https:\/\/sindenfermeiro.com.br\/?p=40242"},"modified":"2026-04-26T23:49:44","modified_gmt":"2026-04-27T02:49:44","slug":"vacina-contra-a-covid-19-no-df-quem-pode-ser-voluntario","status":"publish","type":"post","link":"https:\/\/sindenfermeiro.com.br\/index.php\/2020\/08\/04\/vacina-contra-a-covid-19-no-df-quem-pode-ser-voluntario\/","title":{"rendered":"VACINA CONTRA A COVID-19 NO DF: quem pode ser volunt\u00e1rio?"},"content":{"rendered":"<p style=\"text-align: justify\">Os testes para a terceira fase da vacina contra a Covid-19 come\u00e7am na pr\u00f3xima quarta (05). Em Bras\u00edlia, o estudo contar\u00e1 com 850 volunt\u00e1rios, no entanto, nessa primeira semana apenas dez ser\u00e3o imunizados. Essa \u00e9 a \u00faltima etapa do estudo cl\u00ednico para comprovar a efic\u00e1cia do medicamento desenvolvido pelo laborat\u00f3rio chin\u00eas Sinovac.<\/p>\n<p style=\"text-align: justify\">Na capital federal, o estudo \u00e9 coordenado pelo Hospital Universit\u00e1rio de Bras\u00edlia (HUB), e apenas profissionais da sa\u00fade que est\u00e3o na linha de frente contra o novo coronav\u00edrus podem participar. Por estarem mais expostos \u00e0 infec\u00e7\u00e3o, isso contribui para saber se a vacina \u00e9 realmente segura e eficiente na prote\u00e7\u00e3o contra a infec\u00e7\u00e3o.<\/p>\n<p style=\"text-align: justify\"><strong>Como se candidatar?<\/strong><\/p>\n<p style=\"text-align: justify\">Al\u00e9m de ser profissional de sa\u00fade \u2013 enfermeiro, t\u00e9cnico em enfermagem, fisioterapeuta, m\u00e9dico e psic\u00f3logos \u2013 e estar na linha frente contra a Covid, \u00e9 preciso ter mais de 18 anos, n\u00e3o ter sido infectado pelo novo coronav\u00edrus (Sars-CoV-2), ter boas condi\u00e7\u00f5es de sa\u00fade e realizar acompanhamento peri\u00f3dico por um ano ap\u00f3s a vacina\u00e7\u00e3o.<\/p>\n<p style=\"text-align: justify\">Atendendo todos os pr\u00e9-requisitos, os candidatos precisam preencher<a href=\"https:\/\/forms.office.com\/Pages\/ResponsePage.aspx?id=3U3TZPCvlU238Qc0pchF5aEogJidzExGnVx8Z0M9UThUQU5JSUc0OEFaVkE1NDA3TjNPOExRTDk4OS4u\"> este formul\u00e1rio eletr\u00f4nico<\/a>\u00a0 e anexar curr\u00edculo e um certificado que comprove a forma\u00e7\u00e3o acad\u00eamica. \u00c9 preciso ressaltar que o cadastro n\u00e3o garante a convoca\u00e7\u00e3o dos candidatos, uma vez que o HUB acionar\u00e1 os profissionais apenas quando houver necessidade.<\/p>\n<p style=\"text-align: justify\"><span style=\"font-size: 10pt\"><em>Com informa\u00e7\u00f5es do Portal Metr\u00f3poles e site da EBSERH<\/em><\/span><\/p>\n","protected":false},"excerpt":{"rendered":"<p>Os testes para a terceira fase da vacina contra a Covid-19 come\u00e7am na pr\u00f3xima quarta (05). Em Bras\u00edlia, o estudo contar\u00e1 com 850 volunt\u00e1rios, no entanto, nessa primeira semana apenas dez ser\u00e3o imunizados. Essa \u00e9 a \u00faltima etapa do estudo cl\u00ednico para comprovar a efic\u00e1cia do medicamento desenvolvido pelo laborat\u00f3rio chin\u00eas Sinovac. Na capital federal, [&hellip;]<\/p>\n","protected":false},"author":6,"featured_media":40244,"comment_status":"open","ping_status":"open","sticky":false,"template":"","format":"standard","meta":{"footnotes":""},"categories":[13,5],"tags":[454,7,585,275,583,21,584],"class_list":["post-40242","post","type-post","status-publish","format-standard","has-post-thumbnail","hentry","category-rede-privada","category-rede-publica","tag-covid-19","tag-enfermagem","tag-enfermeira","tag-enfermeiro","tag-hub","tag-sindenfermeiro","tag-vacina"],"_links":{"self":[{"href":"https:\/\/sindenfermeiro.com.br\/index.php\/wp-json\/wp\/v2\/posts\/40242","targetHints":{"allow":["GET"]}}],"collection":[{"href":"https:\/\/sindenfermeiro.com.br\/index.php\/wp-json\/wp\/v2\/posts"}],"about":[{"href":"https:\/\/sindenfermeiro.com.br\/index.php\/wp-json\/wp\/v2\/types\/post"}],"author":[{"embeddable":true,"href":"https:\/\/sindenfermeiro.com.br\/index.php\/wp-json\/wp\/v2\/users\/6"}],"replies":[{"embeddable":true,"href":"https:\/\/sindenfermeiro.com.br\/index.php\/wp-json\/wp\/v2\/comments?post=40242"}],"version-history":[{"count":2,"href":"https:\/\/sindenfermeiro.com.br\/index.php\/wp-json\/wp\/v2\/posts\/40242\/revisions"}],"predecessor-version":[{"id":40245,"href":"https:\/\/sindenfermeiro.com.br\/index.php\/wp-json\/wp\/v2\/posts\/40242\/revisions\/40245"}],"wp:featuredmedia":[{"embeddable":true,"href":"https:\/\/sindenfermeiro.com.br\/index.php\/wp-json\/wp\/v2\/media\/40244"}],"wp:attachment":[{"href":"https:\/\/sindenfermeiro.com.br\/index.php\/wp-json\/wp\/v2\/media?parent=40242"}],"wp:term":[{"taxonomy":"category","embeddable":true,"href":"https:\/\/sindenfermeiro.com.br\/index.php\/wp-json\/wp\/v2\/categories?post=40242"},{"taxonomy":"post_tag","embeddable":true,"href":"https:\/\/sindenfermeiro.com.br\/index.php\/wp-json\/wp\/v2\/tags?post=40242"}],"curies":[{"name":"wp","href":"https:\/\/api.w.org\/{rel}","templated":true}]}}