{"id":40238,"date":"2020-08-03T18:12:57","date_gmt":"2020-08-03T21:12:57","guid":{"rendered":"https:\/\/sindenfermeiro.com.br\/?p=40238"},"modified":"2026-04-26T23:50:36","modified_gmt":"2026-04-27T02:50:36","slug":"sindenfermeiro-participa-de-reuniao-da-comissao-especial-da-covid-19-no-df","status":"publish","type":"post","link":"https:\/\/sindenfermeiro.com.br\/index.php\/2020\/08\/03\/sindenfermeiro-participa-de-reuniao-da-comissao-especial-da-covid-19-no-df\/","title":{"rendered":"SindEnfermeiro participa de reuni\u00e3o da Comiss\u00e3o Especial da Covid-19 no DF"},"content":{"rendered":"<p><img loading=\"lazy\" decoding=\"async\" class=\"aligncenter wp-image-40239 \" src=\"https:\/\/sindenfermeiro.com.br\/wp-content\/uploads\/2020\/08\/WhatsApp-Image-2020-08-03-at-17.02.30-768x1024.jpeg\" alt=\"\" width=\"398\" height=\"531\" srcset=\"https:\/\/sindenfermeiro.com.br\/wp-content\/uploads\/2020\/08\/WhatsApp-Image-2020-08-03-at-17.02.30-768x1024.jpeg 768w, https:\/\/sindenfermeiro.com.br\/wp-content\/uploads\/2020\/08\/WhatsApp-Image-2020-08-03-at-17.02.30-225x300.jpeg 225w, https:\/\/sindenfermeiro.com.br\/wp-content\/uploads\/2020\/08\/WhatsApp-Image-2020-08-03-at-17.02.30.jpeg 960w\" sizes=\"auto, (max-width: 398px) 100vw, 398px\" \/><\/p>\n<p>&nbsp;<\/p>\n<p>Na tarde de hoje (03), o Sindicato dos Enfermeiros do Distrito Federal (SindEnfermeiro-DF) participou da reuni\u00e3o organizada pela Comiss\u00e3o Especial da Covid-19 no DF\u00a0 &#8211; que re\u00fane parlamentares federais e distritais, membros dos poderes executivo e legislativo locais, al\u00e9m das entidades de classe e sociedade civil.<\/p>\n<p>O objetivo principal das reuni\u00f5es \u00e9 discutir as a\u00e7\u00f5es de combate que vem sendo tomadas contra o coronav\u00edrus, tanto no \u00e2mbito da assist\u00eancia de sa\u00fade, como tamb\u00e9m pelas vias judiciais.<\/p>\n<p>Representando o SindEnfermeiro, o diretor executivo Tarc\u00edsio Faria solicitou que a comiss\u00e3o realizasse novo pedido ao GDF para que fossem realizados os testes quinzenais em todos os servidores na linha de frente, sintom\u00e1ticos ou n\u00e3o.<\/p>\n<p>Tamb\u00e9m foi solicitado para que a SES-DF possa implementar um programa de assist\u00eancia aos servidores da pasta. Segundo Tarc\u00edsio, &#8220;esse plano deve ter como objetivo preservar a sa\u00fade mental e f\u00edsica dos trabalhadores&#8221;.<\/p>\n<p>Outros pontos que estiveram em pauta s\u00e3o: a volta \u00e0s aulas da educa\u00e7\u00e3o infantil, a cria\u00e7\u00e3o de uma Comiss\u00e3o Parlamentar de Inqu\u00e9rito (CPI) para investigar desvios nas verbas destinadas para o combate \u00e0 pandemia, bem como o n\u00famero de respiradores e leitos de UTI dispon\u00edveis no Distrito Federal.<\/p>\n","protected":false},"excerpt":{"rendered":"<p>&nbsp; Na tarde de hoje (03), o Sindicato dos Enfermeiros do Distrito Federal (SindEnfermeiro-DF) participou da reuni\u00e3o organizada pela Comiss\u00e3o Especial da Covid-19 no DF\u00a0 &#8211; que re\u00fane parlamentares federais e distritais, membros dos poderes executivo e legislativo locais, al\u00e9m das entidades de classe e sociedade civil. O objetivo principal das reuni\u00f5es \u00e9 discutir as [&hellip;]<\/p>\n","protected":false},"author":6,"featured_media":40239,"comment_status":"open","ping_status":"open","sticky":false,"template":"","format":"standard","meta":{"footnotes":""},"categories":[6,13,5],"tags":[582,454,21],"class_list":["post-40238","post","type-post","status-publish","format-standard","has-post-thumbnail","hentry","category-noticias","category-rede-privada","category-rede-publica","tag-comissao-especial","tag-covid-19","tag-sindenfermeiro"],"_links":{"self":[{"href":"https:\/\/sindenfermeiro.com.br\/index.php\/wp-json\/wp\/v2\/posts\/40238","targetHints":{"allow":["GET"]}}],"collection":[{"href":"https:\/\/sindenfermeiro.com.br\/index.php\/wp-json\/wp\/v2\/posts"}],"about":[{"href":"https:\/\/sindenfermeiro.com.br\/index.php\/wp-json\/wp\/v2\/types\/post"}],"author":[{"embeddable":true,"href":"https:\/\/sindenfermeiro.com.br\/index.php\/wp-json\/wp\/v2\/users\/6"}],"replies":[{"embeddable":true,"href":"https:\/\/sindenfermeiro.com.br\/index.php\/wp-json\/wp\/v2\/comments?post=40238"}],"version-history":[{"count":1,"href":"https:\/\/sindenfermeiro.com.br\/index.php\/wp-json\/wp\/v2\/posts\/40238\/revisions"}],"predecessor-version":[{"id":40240,"href":"https:\/\/sindenfermeiro.com.br\/index.php\/wp-json\/wp\/v2\/posts\/40238\/revisions\/40240"}],"wp:featuredmedia":[{"embeddable":true,"href":"https:\/\/sindenfermeiro.com.br\/index.php\/wp-json\/wp\/v2\/media\/40239"}],"wp:attachment":[{"href":"https:\/\/sindenfermeiro.com.br\/index.php\/wp-json\/wp\/v2\/media?parent=40238"}],"wp:term":[{"taxonomy":"category","embeddable":true,"href":"https:\/\/sindenfermeiro.com.br\/index.php\/wp-json\/wp\/v2\/categories?post=40238"},{"taxonomy":"post_tag","embeddable":true,"href":"https:\/\/sindenfermeiro.com.br\/index.php\/wp-json\/wp\/v2\/tags?post=40238"}],"curies":[{"name":"wp","href":"https:\/\/api.w.org\/{rel}","templated":true}]}}