{"id":40219,"date":"2020-07-31T17:42:54","date_gmt":"2020-07-31T20:42:54","guid":{"rendered":"https:\/\/sindenfermeiro.com.br\/?p=40219"},"modified":"2026-04-27T05:32:33","modified_gmt":"2026-04-27T08:32:33","slug":"impasse-chegando-ao-fim-sindenfermeiro-se-reune-com-secretario-de-saude-para-tratar-do-desconto-de-insalubridade","status":"publish","type":"post","link":"https:\/\/sindenfermeiro.com.br\/index.php\/2020\/07\/31\/impasse-chegando-ao-fim-sindenfermeiro-se-reune-com-secretario-de-saude-para-tratar-do-desconto-de-insalubridade\/","title":{"rendered":"IMPASSE CHEGANDO AO FIM: SindEnfermeiro se re\u00fane com secret\u00e1rio de Sa\u00fade para tratar do desconto de insalubridade"},"content":{"rendered":"<p style=\"text-align: justify\">O desconto de insalubridade dos enfermeiros em afastamento legal foi novamente pauta principal da reuni\u00e3o entre a presidente do SindEnfermeiro, Dayse Amar\u00edlio com o secret\u00e1rio de Sa\u00fade, Francisco Ara\u00fajo e a com a subsecret\u00e1ria de Gest\u00e3o de Pessoas, Silene Quit\u00e9ria.<\/p>\n<p style=\"text-align: justify\">De acordo com Francisco e Silene, a solu\u00e7\u00e3o administrativa ,j\u00e1 apontada, est\u00e1 em fase final e a expectativa \u00e9 que nos pr\u00f3ximos dias haja uma resposta definitiva para a demanda apresentada pelo sindicato.<\/p>\n<p style=\"text-align: justify\">Al\u00e9m de tratar dos descontos de insalubridade, a reuni\u00e3o tamb\u00e9m abordou a necessidade de enfermeiros para compor postos de trabalho. J\u00e1 que a pandemia do novo coronav\u00edrus mostrou o papel fundamental da enfermagem no enfrentamento \u00e0 doen\u00e7a e da necessidade dessa for\u00e7a de trabalho, uma vez que existe um d\u00e9ficit de profissionais e o absente\u00edsmo \u00e9 muito alto, principalmente pelo adoecimento desses trabalhadores.<\/p>\n<p style=\"text-align: justify\">Dayse apontou a necessidade de refor\u00e7ar as vagas com enfermeiros aprovados no \u00faltimo concurso da Secretaria de Sa\u00fade (SES), e segundo os respons\u00e1veis pela SES, continuar\u00e3o ocorrendo novas nomea\u00e7\u00f5es, mas ainda n\u00e3o \u00e9 poss\u00edvel a cria\u00e7\u00e3o de um calend\u00e1rio para os chamamentos. O SindEnfermeiro sempre reitera a necessidade desses profissionais na assist\u00eancia em sa\u00fade.<\/p>\n","protected":false},"excerpt":{"rendered":"<p>O desconto de insalubridade dos enfermeiros em afastamento legal foi novamente pauta principal da reuni\u00e3o entre a presidente do SindEnfermeiro, Dayse Amar\u00edlio com o secret\u00e1rio de Sa\u00fade, Francisco Ara\u00fajo e a com a subsecret\u00e1ria de Gest\u00e3o de Pessoas, Silene Quit\u00e9ria. De acordo com Francisco e Silene, a solu\u00e7\u00e3o administrativa ,j\u00e1 apontada, est\u00e1 em fase final [&hellip;]<\/p>\n","protected":false},"author":6,"featured_media":40216,"comment_status":"open","ping_status":"open","sticky":false,"template":"","format":"standard","meta":{"footnotes":""},"categories":[6,5],"tags":[581,7,4,10,81,21],"class_list":["post-40219","post","type-post","status-publish","format-standard","has-post-thumbnail","hentry","category-noticias","category-rede-publica","tag-desconto-de-insalubridade","tag-enfermagem","tag-insalubridade","tag-secretaria-de-saude","tag-ses-df","tag-sindenfermeiro"],"_links":{"self":[{"href":"https:\/\/sindenfermeiro.com.br\/index.php\/wp-json\/wp\/v2\/posts\/40219","targetHints":{"allow":["GET"]}}],"collection":[{"href":"https:\/\/sindenfermeiro.com.br\/index.php\/wp-json\/wp\/v2\/posts"}],"about":[{"href":"https:\/\/sindenfermeiro.com.br\/index.php\/wp-json\/wp\/v2\/types\/post"}],"author":[{"embeddable":true,"href":"https:\/\/sindenfermeiro.com.br\/index.php\/wp-json\/wp\/v2\/users\/6"}],"replies":[{"embeddable":true,"href":"https:\/\/sindenfermeiro.com.br\/index.php\/wp-json\/wp\/v2\/comments?post=40219"}],"version-history":[{"count":14,"href":"https:\/\/sindenfermeiro.com.br\/index.php\/wp-json\/wp\/v2\/posts\/40219\/revisions"}],"predecessor-version":[{"id":40237,"href":"https:\/\/sindenfermeiro.com.br\/index.php\/wp-json\/wp\/v2\/posts\/40219\/revisions\/40237"}],"wp:featuredmedia":[{"embeddable":true,"href":"https:\/\/sindenfermeiro.com.br\/index.php\/wp-json\/wp\/v2\/media\/40216"}],"wp:attachment":[{"href":"https:\/\/sindenfermeiro.com.br\/index.php\/wp-json\/wp\/v2\/media?parent=40219"}],"wp:term":[{"taxonomy":"category","embeddable":true,"href":"https:\/\/sindenfermeiro.com.br\/index.php\/wp-json\/wp\/v2\/categories?post=40219"},{"taxonomy":"post_tag","embeddable":true,"href":"https:\/\/sindenfermeiro.com.br\/index.php\/wp-json\/wp\/v2\/tags?post=40219"}],"curies":[{"name":"wp","href":"https:\/\/api.w.org\/{rel}","templated":true}]}}