{"id":40215,"date":"2020-07-31T16:45:05","date_gmt":"2020-07-31T19:45:05","guid":{"rendered":"https:\/\/sindenfermeiro.com.br\/?p=40215"},"modified":"2026-04-26T23:51:47","modified_gmt":"2026-04-27T02:51:47","slug":"urgente-sindenfermeiro-se-reune-com-igesdf-para-discutir-o-adiamento-da-primeira-parcela-do-13o-salario-dos-enfermeiros","status":"publish","type":"post","link":"https:\/\/sindenfermeiro.com.br\/index.php\/2020\/07\/31\/urgente-sindenfermeiro-se-reune-com-igesdf-para-discutir-o-adiamento-da-primeira-parcela-do-13o-salario-dos-enfermeiros\/","title":{"rendered":"URGENTE: SindEnfermeiro se re\u00fane com IGESDF para discutir o adiamento da primeira parcela do 13\u00ba sal\u00e1rio dos enfermeiros"},"content":{"rendered":"<p style=\"text-align: justify\">Na manh\u00e3 de hoje (31), o Sindicato dos Enfermeiros do Distrito Federal (SindEnfermeiro-DF) esteve reunido com a c\u00fapula diretora do Instituto de Gest\u00e3o Estrat\u00e9gica de Sa\u00fade do DF (IGESDF) para tratar sobre o adiamento da primeira parcela do 13\u00ba sal\u00e1rio dos trabalhadores que atuam nas unidades do instituto.<\/p>\n<p style=\"text-align: justify\">Na reuni\u00e3o, estiveram presentes a presidente do SindEnfermeiro, Dayse Amar\u00edlio, o secret\u00e1rio de sa\u00fade, Francisco Ara\u00fajo, e o diretor-presidente do instituto, Sergio Luiz da Costa. O objetivo da reuni\u00e3o, realizada em car\u00e1ter de urg\u00eancia, foi buscar uma solu\u00e7\u00e3o concreta para o adiamento da parcela, que deveria ter sido paga nesta sexta-feira, como descrito no acordo coletivo de trabalho (ACT) dos profissionais.<\/p>\n<p style=\"text-align: justify\">De acordo com o instituto, a mudan\u00e7a na data se deu por conta de dificuldades junto a alguns fornecedores \u2013que aceitam apenas pagamentos \u00e0 vista pelo fornecimento de produtos e servi\u00e7os al\u00e9m do o aumento absurdo de itens essenciais como medica\u00e7\u00f5es utilizadas em procedimentos, o que, segundo o IGES, poderia levar ao risco de desabastecimento de insumos essenciais nas unidades.<\/p>\n<p style=\"text-align: justify\">Durante a reuni\u00e3o, Dayse pediu que a posi\u00e7\u00e3o fosse revista e ressaltou tamb\u00e9m, que o pagamento \u00e9 uma forma de reconhecer o importante servi\u00e7o prestado pelos enfermeiros e outros profissionais durante a pandemia do coronav\u00edrus. Al\u00e9m disso, a presidente relembrou que essa decis\u00e3o s\u00f3 pode ser tomada em assembleia conjunta com os trabalhadores, uma vez que fere uma das clausulas da conven\u00e7\u00e3o coletiva dos enfermeiros do IGESDF.<\/p>\n<p style=\"text-align: justify\">Por fim, ficou decidido que o instituto far\u00e1 uma proposta oficial com sinaliza\u00e7\u00e3o da viabiliza\u00e7\u00e3o do pagamento ainda no m\u00eas de agosto, que ser\u00e1 decidida pela categoria na <strong><em>pr\u00f3xima assembleia do SindEnfermeiro \u2013 que ser\u00e1 realizada virtualmente na pr\u00f3xima quinta-feira (06 de agosto), \u00e0s 18 horas, atrav\u00e9s da plataforma de videochamada Zoom.<\/em><\/strong><\/p>\n<p style=\"text-align: justify\">\u00c9 importante salientar que o SindEnfermeiro sempre estar\u00e1 aberto ao di\u00e1logo, e mant\u00e9m a sua posi\u00e7\u00e3o de vigil\u00e2ncia em prol dos direitos da categoria. \u00c9 compreens\u00edvel que as dificuldades causadas pelo coronav\u00edrus afetam receitas e exigem criatividade, mas o Acordo Coletivo de Trabalho \u00e9 o principal instrumento de prote\u00e7\u00e3o dos trabalhadores, e sendo assim deve ser sempre respeitado \u2013 pois situa\u00e7\u00f5es como esta podem abrir uma margem perigosa para a viola\u00e7\u00e3o dos direitos trabalhistas da categoria.<\/p>\n","protected":false},"excerpt":{"rendered":"<p>Na manh\u00e3 de hoje (31), o Sindicato dos Enfermeiros do Distrito Federal (SindEnfermeiro-DF) esteve reunido com a c\u00fapula diretora do Instituto de Gest\u00e3o Estrat\u00e9gica de Sa\u00fade do DF (IGESDF) para tratar sobre o adiamento da primeira parcela do 13\u00ba sal\u00e1rio dos trabalhadores que atuam nas unidades do instituto. Na reuni\u00e3o, estiveram presentes a presidente do [&hellip;]<\/p>\n","protected":false},"author":6,"featured_media":40228,"comment_status":"open","ping_status":"open","sticky":false,"template":"","format":"standard","meta":{"footnotes":""},"categories":[6,13,5],"tags":[580,7,313,21],"class_list":["post-40215","post","type-post","status-publish","format-standard","has-post-thumbnail","hentry","category-noticias","category-rede-privada","category-rede-publica","tag-13o-salario","tag-enfermagem","tag-igesdf","tag-sindenfermeiro"],"_links":{"self":[{"href":"https:\/\/sindenfermeiro.com.br\/index.php\/wp-json\/wp\/v2\/posts\/40215","targetHints":{"allow":["GET"]}}],"collection":[{"href":"https:\/\/sindenfermeiro.com.br\/index.php\/wp-json\/wp\/v2\/posts"}],"about":[{"href":"https:\/\/sindenfermeiro.com.br\/index.php\/wp-json\/wp\/v2\/types\/post"}],"author":[{"embeddable":true,"href":"https:\/\/sindenfermeiro.com.br\/index.php\/wp-json\/wp\/v2\/users\/6"}],"replies":[{"embeddable":true,"href":"https:\/\/sindenfermeiro.com.br\/index.php\/wp-json\/wp\/v2\/comments?post=40215"}],"version-history":[{"count":4,"href":"https:\/\/sindenfermeiro.com.br\/index.php\/wp-json\/wp\/v2\/posts\/40215\/revisions"}],"predecessor-version":[{"id":40231,"href":"https:\/\/sindenfermeiro.com.br\/index.php\/wp-json\/wp\/v2\/posts\/40215\/revisions\/40231"}],"wp:featuredmedia":[{"embeddable":true,"href":"https:\/\/sindenfermeiro.com.br\/index.php\/wp-json\/wp\/v2\/media\/40228"}],"wp:attachment":[{"href":"https:\/\/sindenfermeiro.com.br\/index.php\/wp-json\/wp\/v2\/media?parent=40215"}],"wp:term":[{"taxonomy":"category","embeddable":true,"href":"https:\/\/sindenfermeiro.com.br\/index.php\/wp-json\/wp\/v2\/categories?post=40215"},{"taxonomy":"post_tag","embeddable":true,"href":"https:\/\/sindenfermeiro.com.br\/index.php\/wp-json\/wp\/v2\/tags?post=40215"}],"curies":[{"name":"wp","href":"https:\/\/api.w.org\/{rel}","templated":true}]}}