{"id":40204,"date":"2020-07-31T10:06:21","date_gmt":"2020-07-31T13:06:21","guid":{"rendered":"https:\/\/sindenfermeiro.com.br\/?p=40204"},"modified":"2026-04-26T23:48:59","modified_gmt":"2026-04-27T02:48:59","slug":"nota-de-pesar-pollyana-pereira-de-moura","status":"publish","type":"post","link":"https:\/\/sindenfermeiro.com.br\/index.php\/2020\/07\/31\/nota-de-pesar-pollyana-pereira-de-moura\/","title":{"rendered":"NOTA DE PESAR: Pollyana Pereira de Moura"},"content":{"rendered":"<p style=\"text-align: justify\"><strong>[NOTA DE PESAR: Pollyana Pereira de Moura]<\/strong><\/p>\n<p><strong><span style=\"font-size: 8pt\">Por Ana Catarine Carneiro<\/span><\/strong><\/p>\n<p style=\"text-align: justify\">Lamentamos profundamente a morte da enfermeira Pollyana Pereira de Moura na madrugada da \u00faltima quinta-feira (30).<\/p>\n<p style=\"text-align: justify\">Pollyana era dedicada ao trabalho, ao estudo e integrante da Liga de Enfermagem Forense. A enfermeira estava \u00e0 frente do combate a Covid e era militante com projetos de educa\u00e7\u00e3o sobre a viol\u00eancia contra a mulher, era m\u00e3e e tinha muitos sonhos pela frente.<\/p>\n<p style=\"text-align: justify\">O fim da sua trajet\u00f3ria est\u00e1 marcada por essa viol\u00eancia abomin\u00e1vel cercada de machismo e omiss\u00e3o. Mas sua hist\u00f3ria \u00e9 muito maior do que isso. E assim ser\u00e1 lembrada por seus familiares, amigos e colegas.<\/p>\n<p style=\"text-align: justify\">A enfermagem honrar\u00e1 tua mem\u00f3ria, Pollyana!<\/p>\n<p style=\"text-align: justify\">#PelaVidaDasMulheres<br \/>\n#PeloFimDoFeminic\u00eddio<br \/>\n#AgostoLil\u00e1s<\/p>\n","protected":false},"excerpt":{"rendered":"<p>[NOTA DE PESAR: Pollyana Pereira de Moura] Por Ana Catarine Carneiro Lamentamos profundamente a morte da enfermeira Pollyana Pereira de Moura na madrugada da \u00faltima quinta-feira (30). Pollyana era dedicada ao trabalho, ao estudo e integrante da Liga de Enfermagem Forense. A enfermeira estava \u00e0 frente do combate a Covid e era militante com projetos [&hellip;]<\/p>\n","protected":false},"author":6,"featured_media":40205,"comment_status":"open","ping_status":"open","sticky":false,"template":"","format":"standard","meta":{"footnotes":""},"categories":[6,13,5],"tags":[7,203,149,21],"class_list":["post-40204","post","type-post","status-publish","format-standard","has-post-thumbnail","hentry","category-noticias","category-rede-privada","category-rede-publica","tag-enfermagem","tag-feminicidio","tag-nota-de-pesar","tag-sindenfermeiro"],"_links":{"self":[{"href":"https:\/\/sindenfermeiro.com.br\/index.php\/wp-json\/wp\/v2\/posts\/40204","targetHints":{"allow":["GET"]}}],"collection":[{"href":"https:\/\/sindenfermeiro.com.br\/index.php\/wp-json\/wp\/v2\/posts"}],"about":[{"href":"https:\/\/sindenfermeiro.com.br\/index.php\/wp-json\/wp\/v2\/types\/post"}],"author":[{"embeddable":true,"href":"https:\/\/sindenfermeiro.com.br\/index.php\/wp-json\/wp\/v2\/users\/6"}],"replies":[{"embeddable":true,"href":"https:\/\/sindenfermeiro.com.br\/index.php\/wp-json\/wp\/v2\/comments?post=40204"}],"version-history":[{"count":4,"href":"https:\/\/sindenfermeiro.com.br\/index.php\/wp-json\/wp\/v2\/posts\/40204\/revisions"}],"predecessor-version":[{"id":40209,"href":"https:\/\/sindenfermeiro.com.br\/index.php\/wp-json\/wp\/v2\/posts\/40204\/revisions\/40209"}],"wp:featuredmedia":[{"embeddable":true,"href":"https:\/\/sindenfermeiro.com.br\/index.php\/wp-json\/wp\/v2\/media\/40205"}],"wp:attachment":[{"href":"https:\/\/sindenfermeiro.com.br\/index.php\/wp-json\/wp\/v2\/media?parent=40204"}],"wp:term":[{"taxonomy":"category","embeddable":true,"href":"https:\/\/sindenfermeiro.com.br\/index.php\/wp-json\/wp\/v2\/categories?post=40204"},{"taxonomy":"post_tag","embeddable":true,"href":"https:\/\/sindenfermeiro.com.br\/index.php\/wp-json\/wp\/v2\/tags?post=40204"}],"curies":[{"name":"wp","href":"https:\/\/api.w.org\/{rel}","templated":true}]}}