{"id":40193,"date":"2020-07-29T17:02:42","date_gmt":"2020-07-29T20:02:42","guid":{"rendered":"https:\/\/sindenfermeiro.com.br\/?p=40193"},"modified":"2026-04-26T23:51:32","modified_gmt":"2026-04-27T02:51:32","slug":"acao-conjunta-covid-19-visita-upa-de-sobradinho-para-averiguar-condicoes-de-trabalho","status":"publish","type":"post","link":"https:\/\/sindenfermeiro.com.br\/index.php\/2020\/07\/29\/acao-conjunta-covid-19-visita-upa-de-sobradinho-para-averiguar-condicoes-de-trabalho\/","title":{"rendered":"A\u00e7\u00e3o Conjunta Covid-19 visita UPA de Sobradinho para averiguar condi\u00e7\u00f5es de trabalho"},"content":{"rendered":"<p style=\"text-align: justify\">Na tarde de hoje (29), a Unidade de Pronto Atendimento (UPA) de Sobradinho recebeu a visita da A\u00e7\u00e3o Conjunta Covid-19 \u2013 iniciativa que re\u00fane SindEnfermeiro-DF, COREN, ABEn-DF, Sindate-DF, OAB-DF, Conselho de Sa\u00fade do DF e a Comiss\u00e3o de Direitos Humanos da C\u00e2mara Legislativa.<\/p>\n<p style=\"text-align: justify\">A for\u00e7a-tarefa esteve na unidade para acompanhar a rotina dos trabalhadores, equipamentos de prote\u00e7\u00e3o individual, o fluxo de atendimento e a retaguarda dos servi\u00e7os, assim como a seguran\u00e7a dos profissionais e a coleta dos exames feitos pelos pacientes com suspeita de Covid-19.<\/p>\n<p style=\"text-align: justify\">Durante a visita, ficou constatado que a UPA passou por importantes mudan\u00e7as no fluxo de atendimento, que passou a ser realizado dentro da unidade. A unidade tamb\u00e9m ir\u00e1 receber 20 leitos de UTI para pacientes graves regulados da Secretaria de Sa\u00fade (SES-DF).<\/p>\n<p style=\"text-align: justify\">Outra mudan\u00e7a foi a realoca\u00e7\u00e3o do atendimento de cl\u00ednica m\u00e9dica, que passou a ser na tenda que fica na parte externa da unidade &#8211; e que antes recebia os pacientes sintom\u00e1ticos respirat\u00f3rios com suspeita de infec\u00e7\u00e3o pelo coronav\u00edrus.<\/p>\n","protected":false},"excerpt":{"rendered":"<p>Na tarde de hoje (29), a Unidade de Pronto Atendimento (UPA) de Sobradinho recebeu a visita da A\u00e7\u00e3o Conjunta Covid-19 \u2013 iniciativa que re\u00fane SindEnfermeiro-DF, COREN, ABEn-DF, Sindate-DF, OAB-DF, Conselho de Sa\u00fade do DF e a Comiss\u00e3o de Direitos Humanos da C\u00e2mara Legislativa. A for\u00e7a-tarefa esteve na unidade para acompanhar a rotina dos trabalhadores, equipamentos [&hellip;]<\/p>\n","protected":false},"author":6,"featured_media":40194,"comment_status":"open","ping_status":"open","sticky":false,"template":"","format":"standard","meta":{"footnotes":""},"categories":[6,13,5],"tags":[577,502,7,21],"class_list":["post-40193","post","type-post","status-publish","format-standard","has-post-thumbnail","hentry","category-noticias","category-rede-privada","category-rede-publica","tag-acao-cnjunta","tag-acao-conjunta","tag-enfermagem","tag-sindenfermeiro"],"_links":{"self":[{"href":"https:\/\/sindenfermeiro.com.br\/index.php\/wp-json\/wp\/v2\/posts\/40193","targetHints":{"allow":["GET"]}}],"collection":[{"href":"https:\/\/sindenfermeiro.com.br\/index.php\/wp-json\/wp\/v2\/posts"}],"about":[{"href":"https:\/\/sindenfermeiro.com.br\/index.php\/wp-json\/wp\/v2\/types\/post"}],"author":[{"embeddable":true,"href":"https:\/\/sindenfermeiro.com.br\/index.php\/wp-json\/wp\/v2\/users\/6"}],"replies":[{"embeddable":true,"href":"https:\/\/sindenfermeiro.com.br\/index.php\/wp-json\/wp\/v2\/comments?post=40193"}],"version-history":[{"count":5,"href":"https:\/\/sindenfermeiro.com.br\/index.php\/wp-json\/wp\/v2\/posts\/40193\/revisions"}],"predecessor-version":[{"id":40199,"href":"https:\/\/sindenfermeiro.com.br\/index.php\/wp-json\/wp\/v2\/posts\/40193\/revisions\/40199"}],"wp:featuredmedia":[{"embeddable":true,"href":"https:\/\/sindenfermeiro.com.br\/index.php\/wp-json\/wp\/v2\/media\/40194"}],"wp:attachment":[{"href":"https:\/\/sindenfermeiro.com.br\/index.php\/wp-json\/wp\/v2\/media?parent=40193"}],"wp:term":[{"taxonomy":"category","embeddable":true,"href":"https:\/\/sindenfermeiro.com.br\/index.php\/wp-json\/wp\/v2\/categories?post=40193"},{"taxonomy":"post_tag","embeddable":true,"href":"https:\/\/sindenfermeiro.com.br\/index.php\/wp-json\/wp\/v2\/tags?post=40193"}],"curies":[{"name":"wp","href":"https:\/\/api.w.org\/{rel}","templated":true}]}}