{"id":40160,"date":"2020-07-22T18:09:30","date_gmt":"2020-07-22T21:09:30","guid":{"rendered":"https:\/\/sindenfermeiro.com.br\/?p=40160"},"modified":"2026-04-26T23:13:33","modified_gmt":"2026-04-27T02:13:33","slug":"o-sindenfermeiro-nao-para","status":"publish","type":"post","link":"https:\/\/sindenfermeiro.com.br\/index.php\/2020\/07\/22\/o-sindenfermeiro-nao-para\/","title":{"rendered":"O SindEnfermeiro n\u00e3o para!"},"content":{"rendered":"<p><img loading=\"lazy\" decoding=\"async\" class=\"aligncenter wp-image-40161 \" src=\"https:\/\/sindenfermeiro.com.br\/wp-content\/uploads\/2020\/07\/WhatsApp-Image-2020-07-22-at-17.47.08-724x1024.jpeg\" alt=\"\" width=\"437\" height=\"617\" srcset=\"https:\/\/sindenfermeiro.com.br\/wp-content\/uploads\/2020\/07\/WhatsApp-Image-2020-07-22-at-17.47.08-724x1024.jpeg 724w, https:\/\/sindenfermeiro.com.br\/wp-content\/uploads\/2020\/07\/WhatsApp-Image-2020-07-22-at-17.47.08-212x300.jpeg 212w, https:\/\/sindenfermeiro.com.br\/wp-content\/uploads\/2020\/07\/WhatsApp-Image-2020-07-22-at-17.47.08-768x1086.jpeg 768w, https:\/\/sindenfermeiro.com.br\/wp-content\/uploads\/2020\/07\/WhatsApp-Image-2020-07-22-at-17.47.08.jpeg 905w\" sizes=\"auto, (max-width: 437px) 100vw, 437px\" \/><\/p>\n<p>Mesmo com os atendimentos presenciais suspensos por conta da pandemia de Covid-19, a maioria dos servi\u00e7os do SindEnfermeiro-DF continuam funcionando.<\/p>\n<p><strong>Como se filiar?<\/strong><br \/>\nVoc\u00ea pode se filiar virtualmente. Basta acessar o site: sindenfermeiro.com.br e clicar na aba: &#8220;Filie-se ao SindEnfermeiro&#8221; e preencher o formul\u00e1rio.<\/p>\n<p><strong>Revis\u00e3o salarial?<\/strong><br \/>\nQuer saber se seus vencimentos est\u00e3o corretos? Basta acessar o site: sindenfermeiro.com.br e clicar na aba: &#8220;Revisal\u00e1rio&#8221; e preencher o formul\u00e1rio. Esse \u00e9 um servi\u00e7o que ajuda a calcular descontos, gratifica\u00e7\u00f5es, aux\u00edlios e outros adicionais no contracheque dos enfermeiros filiados.<\/p>\n<p><strong>Plano dental?<\/strong><br \/>\nEnfermeiros filiados ao SindEnfermeiro t\u00eam plano dental com pre\u00e7os especiais. Ficou interessado? Basta acessar o site: sindenfermeiro.com.br e clicar na aba: &#8220;Plano dental&#8221; e preencher o formul\u00e1rio.<\/p>\n<p><strong>Not\u00edcias sobre as a\u00e7\u00f5es do SindEnfermeiro e o mundo da Enfermagem?<\/strong><br \/>\nPara ficar por dentro das a\u00e7\u00f5es do sindicato e das not\u00edcias da Enfermagem no DF, no Brasil e no mundo, \u00e9 s\u00f3 entrar no site: sindenfermeiro.com.br , clicar na aba &#8220;Not\u00edcias&#8221; e saber tudo que aconteceu.<\/p>\n<p>Voc\u00ea pode saber das informa\u00e7\u00f5es em tempo real pelas nossas redes sociais:<\/p>\n<p>instagram.com\/sindenfermeirodf<br \/>\nfacebook.com\/sindenfermeirodf<\/p>\n","protected":false},"excerpt":{"rendered":"<p>Mesmo com os atendimentos presenciais suspensos por conta da pandemia de Covid-19, a maioria dos servi\u00e7os do SindEnfermeiro-DF continuam funcionando. Como se filiar? Voc\u00ea pode se filiar virtualmente. Basta acessar o site: sindenfermeiro.com.br e clicar na aba: &#8220;Filie-se ao SindEnfermeiro&#8221; e preencher o formul\u00e1rio. Revis\u00e3o salarial? Quer saber se seus vencimentos est\u00e3o corretos? Basta acessar [&hellip;]<\/p>\n","protected":false},"author":6,"featured_media":39865,"comment_status":"open","ping_status":"open","sticky":false,"template":"","format":"standard","meta":{"footnotes":""},"categories":[6,13,5],"tags":[441,21],"class_list":["post-40160","post","type-post","status-publish","format-standard","has-post-thumbnail","hentry","category-noticias","category-rede-privada","category-rede-publica","tag-servicos","tag-sindenfermeiro"],"_links":{"self":[{"href":"https:\/\/sindenfermeiro.com.br\/index.php\/wp-json\/wp\/v2\/posts\/40160","targetHints":{"allow":["GET"]}}],"collection":[{"href":"https:\/\/sindenfermeiro.com.br\/index.php\/wp-json\/wp\/v2\/posts"}],"about":[{"href":"https:\/\/sindenfermeiro.com.br\/index.php\/wp-json\/wp\/v2\/types\/post"}],"author":[{"embeddable":true,"href":"https:\/\/sindenfermeiro.com.br\/index.php\/wp-json\/wp\/v2\/users\/6"}],"replies":[{"embeddable":true,"href":"https:\/\/sindenfermeiro.com.br\/index.php\/wp-json\/wp\/v2\/comments?post=40160"}],"version-history":[{"count":1,"href":"https:\/\/sindenfermeiro.com.br\/index.php\/wp-json\/wp\/v2\/posts\/40160\/revisions"}],"predecessor-version":[{"id":40162,"href":"https:\/\/sindenfermeiro.com.br\/index.php\/wp-json\/wp\/v2\/posts\/40160\/revisions\/40162"}],"wp:featuredmedia":[{"embeddable":true,"href":"https:\/\/sindenfermeiro.com.br\/index.php\/wp-json\/wp\/v2\/media\/39865"}],"wp:attachment":[{"href":"https:\/\/sindenfermeiro.com.br\/index.php\/wp-json\/wp\/v2\/media?parent=40160"}],"wp:term":[{"taxonomy":"category","embeddable":true,"href":"https:\/\/sindenfermeiro.com.br\/index.php\/wp-json\/wp\/v2\/categories?post=40160"},{"taxonomy":"post_tag","embeddable":true,"href":"https:\/\/sindenfermeiro.com.br\/index.php\/wp-json\/wp\/v2\/tags?post=40160"}],"curies":[{"name":"wp","href":"https:\/\/api.w.org\/{rel}","templated":true}]}}