{"id":40157,"date":"2020-07-21T13:44:16","date_gmt":"2020-07-21T16:44:16","guid":{"rendered":"https:\/\/sindenfermeiro.com.br\/?p=40157"},"modified":"2026-04-26T23:14:11","modified_gmt":"2026-04-27T02:14:11","slug":"pela-jornada-de-30-horas-para-a-enfermagem-vote-sim","status":"publish","type":"post","link":"https:\/\/sindenfermeiro.com.br\/index.php\/2020\/07\/21\/pela-jornada-de-30-horas-para-a-enfermagem-vote-sim\/","title":{"rendered":"Pela jornada de 30 horas para a Enfermagem, vote SIM!"},"content":{"rendered":"<p>&nbsp;<\/p>\n<p><img loading=\"lazy\" decoding=\"async\" class=\"aligncenter wp-image-40158 \" src=\"https:\/\/sindenfermeiro.com.br\/wp-content\/uploads\/2020\/07\/WhatsApp-Image-2020-07-21-at-11.47.18-1024x1024.jpeg\" alt=\"\" width=\"520\" height=\"519\" srcset=\"https:\/\/sindenfermeiro.com.br\/wp-content\/uploads\/2020\/07\/WhatsApp-Image-2020-07-21-at-11.47.18-1024x1024.jpeg 1024w, https:\/\/sindenfermeiro.com.br\/wp-content\/uploads\/2020\/07\/WhatsApp-Image-2020-07-21-at-11.47.18-300x300.jpeg 300w, https:\/\/sindenfermeiro.com.br\/wp-content\/uploads\/2020\/07\/WhatsApp-Image-2020-07-21-at-11.47.18-150x150.jpeg 150w, https:\/\/sindenfermeiro.com.br\/wp-content\/uploads\/2020\/07\/WhatsApp-Image-2020-07-21-at-11.47.18-768x768.jpeg 768w, https:\/\/sindenfermeiro.com.br\/wp-content\/uploads\/2020\/07\/WhatsApp-Image-2020-07-21-at-11.47.18.jpeg 1280w\" sizes=\"auto, (max-width: 520px) 100vw, 520px\" \/><\/p>\n<p>O Projeto de Lei do Senado (PLS) 3739\/2020, apresentado no \u00faltimo dia 14 de julho pelo senador Randolfe Rodrigues (REDE-AP), e que estabelece a carga hor\u00e1ria de 30 horas semanais e at\u00e9 6 horas di\u00e1rias para os profissionais da enfermagem, est\u00e1 aberto para <a href=\"https:\/\/www12.senado.leg.br\/ecidadania\/visualizacaomateria?id=143395\">consulta p\u00fablica no Senado Federal<\/a>!<\/p>\n<p>A jornada de 30 horas semanais \u00e9 uma das demandas mais antigas da enfermagem, e a sua aprova\u00e7\u00e3o representa um passo importante para a melhoria da presta\u00e7\u00e3o dos servi\u00e7os de sa\u00fade, aumentando o n\u00famero de postos de trabalho, reduzindo o desgaste gerado pela rotina e por consequ\u00eancia, os afastamentos por estresse ou outras enfermidades.<\/p>\n<p>Com a aprova\u00e7\u00e3o do PLS 3739\/20, quem ganha n\u00e3o \u00e9 s\u00f3 a enfermagem! Por mais profissionais na linha de frente, e por uma assist\u00eancia de qualidade para a popula\u00e7\u00e3o, vote <a href=\"https:\/\/www12.senado.leg.br\/ecidadania\/visualizacaomateria?id=143395\">SIM<\/a>!<\/p>\n<p><strong>Link:<\/strong> https:\/\/www12.senado.leg.br\/ecidadania\/visualizacaomateria?id=143395<\/p>\n","protected":false},"excerpt":{"rendered":"<p>&nbsp; O Projeto de Lei do Senado (PLS) 3739\/2020, apresentado no \u00faltimo dia 14 de julho pelo senador Randolfe Rodrigues (REDE-AP), e que estabelece a carga hor\u00e1ria de 30 horas semanais e at\u00e9 6 horas di\u00e1rias para os profissionais da enfermagem, est\u00e1 aberto para consulta p\u00fablica no Senado Federal! A jornada de 30 horas semanais [&hellip;]<\/p>\n","protected":false},"author":6,"featured_media":40137,"comment_status":"open","ping_status":"open","sticky":false,"template":"","format":"standard","meta":{"footnotes":""},"categories":[6,13,5],"tags":[228,575,21],"class_list":["post-40157","post","type-post","status-publish","format-standard","has-post-thumbnail","hentry","category-noticias","category-rede-privada","category-rede-publica","tag-30-horas","tag-pls-3739","tag-sindenfermeiro"],"_links":{"self":[{"href":"https:\/\/sindenfermeiro.com.br\/index.php\/wp-json\/wp\/v2\/posts\/40157","targetHints":{"allow":["GET"]}}],"collection":[{"href":"https:\/\/sindenfermeiro.com.br\/index.php\/wp-json\/wp\/v2\/posts"}],"about":[{"href":"https:\/\/sindenfermeiro.com.br\/index.php\/wp-json\/wp\/v2\/types\/post"}],"author":[{"embeddable":true,"href":"https:\/\/sindenfermeiro.com.br\/index.php\/wp-json\/wp\/v2\/users\/6"}],"replies":[{"embeddable":true,"href":"https:\/\/sindenfermeiro.com.br\/index.php\/wp-json\/wp\/v2\/comments?post=40157"}],"version-history":[{"count":1,"href":"https:\/\/sindenfermeiro.com.br\/index.php\/wp-json\/wp\/v2\/posts\/40157\/revisions"}],"predecessor-version":[{"id":40159,"href":"https:\/\/sindenfermeiro.com.br\/index.php\/wp-json\/wp\/v2\/posts\/40157\/revisions\/40159"}],"wp:featuredmedia":[{"embeddable":true,"href":"https:\/\/sindenfermeiro.com.br\/index.php\/wp-json\/wp\/v2\/media\/40137"}],"wp:attachment":[{"href":"https:\/\/sindenfermeiro.com.br\/index.php\/wp-json\/wp\/v2\/media?parent=40157"}],"wp:term":[{"taxonomy":"category","embeddable":true,"href":"https:\/\/sindenfermeiro.com.br\/index.php\/wp-json\/wp\/v2\/categories?post=40157"},{"taxonomy":"post_tag","embeddable":true,"href":"https:\/\/sindenfermeiro.com.br\/index.php\/wp-json\/wp\/v2\/tags?post=40157"}],"curies":[{"name":"wp","href":"https:\/\/api.w.org\/{rel}","templated":true}]}}