{"id":40150,"date":"2020-07-21T11:01:39","date_gmt":"2020-07-21T14:01:39","guid":{"rendered":"https:\/\/sindenfermeiro.com.br\/?p=40150"},"modified":"2026-04-27T07:00:31","modified_gmt":"2026-04-27T10:00:31","slug":"sindenfermeiro-apresenta-demandas-da-categoria-para-o-secretario-de-saude","status":"publish","type":"post","link":"https:\/\/sindenfermeiro.com.br\/index.php\/2020\/07\/21\/sindenfermeiro-apresenta-demandas-da-categoria-para-o-secretario-de-saude\/","title":{"rendered":"SindEnfermeiro apresenta demandas da categoria para o secret\u00e1rio de Sa\u00fade"},"content":{"rendered":"<p style=\"text-align: justify\">A presidente do Sindicato dos Enfermeiros do Distrito Federal (SindEnfermeiro-DF), Dayse Amar\u00edlio, e o diretor executivo, M\u00e1rcio da Mata, estiveram reunidos na \u00faltima segunda-feira (20), com o Secret\u00e1rio de Sa\u00fade, Francisco Ara\u00fajo, com o Secret\u00e1rio-adjunto de Assist\u00eancia \u00e0 Sa\u00fade, Olavo Medeiros e com a Subsecret\u00e1ria de Gest\u00e3o de Pessoas, Silene Quit\u00e9ria.<\/p>\n<p style=\"text-align: justify\">Os representantes do SindEnfermeiro levaram \u00e0 SES demandas muito importantes para a categoria. Durante a reuni\u00e3o, foram debatidos temas como a insalubridade dos enfermeiros, isonomia salarial da categoria, a Lei 173 de 2020 e sobre a convoca\u00e7\u00e3o dos profissionais aprovados no concurso de 2018 da Secretaria de Sa\u00fade.<\/p>\n<p>De acordo com Dayse, o resultado da reuni\u00e3o foi muito positivo. &#8220;Sa\u00edmos otimistas com o compromisso do Secret\u00e1rio de Sa\u00fade e da Subsecret\u00e1ria de Gest\u00e3o de Pessoas e no empenho do que diz respeito \u00e0 insalubridade&#8221;, completou Dayse.<\/p>\n<p style=\"text-align: justify\">Al\u00e9m dos representantes da SES, a reuni\u00e3o contou com representantes do jur\u00eddico da Pasta.<\/p>\n","protected":false},"excerpt":{"rendered":"<p>A presidente do Sindicato dos Enfermeiros do Distrito Federal (SindEnfermeiro-DF), Dayse Amar\u00edlio, e o diretor executivo, M\u00e1rcio da Mata, estiveram reunidos na \u00faltima segunda-feira (20), com o Secret\u00e1rio de Sa\u00fade, Francisco Ara\u00fajo, com o Secret\u00e1rio-adjunto de Assist\u00eancia \u00e0 Sa\u00fade, Olavo Medeiros e com a Subsecret\u00e1ria de Gest\u00e3o de Pessoas, Silene Quit\u00e9ria. Os representantes do SindEnfermeiro [&hellip;]<\/p>\n","protected":false},"author":6,"featured_media":40151,"comment_status":"open","ping_status":"open","sticky":false,"template":"","format":"standard","meta":{"footnotes":""},"categories":[6,5],"tags":[7,4,52,574,236,573],"class_list":["post-40150","post","type-post","status-publish","format-standard","has-post-thumbnail","hentry","category-noticias","category-rede-publica","tag-enfermagem","tag-insalubridade","tag-isonomia-salarial","tag-lei-173","tag-ses","tag-sindenermeiro"],"_links":{"self":[{"href":"https:\/\/sindenfermeiro.com.br\/index.php\/wp-json\/wp\/v2\/posts\/40150","targetHints":{"allow":["GET"]}}],"collection":[{"href":"https:\/\/sindenfermeiro.com.br\/index.php\/wp-json\/wp\/v2\/posts"}],"about":[{"href":"https:\/\/sindenfermeiro.com.br\/index.php\/wp-json\/wp\/v2\/types\/post"}],"author":[{"embeddable":true,"href":"https:\/\/sindenfermeiro.com.br\/index.php\/wp-json\/wp\/v2\/users\/6"}],"replies":[{"embeddable":true,"href":"https:\/\/sindenfermeiro.com.br\/index.php\/wp-json\/wp\/v2\/comments?post=40150"}],"version-history":[{"count":5,"href":"https:\/\/sindenfermeiro.com.br\/index.php\/wp-json\/wp\/v2\/posts\/40150\/revisions"}],"predecessor-version":[{"id":40156,"href":"https:\/\/sindenfermeiro.com.br\/index.php\/wp-json\/wp\/v2\/posts\/40150\/revisions\/40156"}],"wp:featuredmedia":[{"embeddable":true,"href":"https:\/\/sindenfermeiro.com.br\/index.php\/wp-json\/wp\/v2\/media\/40151"}],"wp:attachment":[{"href":"https:\/\/sindenfermeiro.com.br\/index.php\/wp-json\/wp\/v2\/media?parent=40150"}],"wp:term":[{"taxonomy":"category","embeddable":true,"href":"https:\/\/sindenfermeiro.com.br\/index.php\/wp-json\/wp\/v2\/categories?post=40150"},{"taxonomy":"post_tag","embeddable":true,"href":"https:\/\/sindenfermeiro.com.br\/index.php\/wp-json\/wp\/v2\/tags?post=40150"}],"curies":[{"name":"wp","href":"https:\/\/api.w.org\/{rel}","templated":true}]}}