{"id":40146,"date":"2020-07-20T16:43:15","date_gmt":"2020-07-20T19:43:15","guid":{"rendered":"https:\/\/sindenfermeiro.com.br\/?p=40146"},"modified":"2026-04-26T23:13:35","modified_gmt":"2026-04-27T02:13:35","slug":"assembleia-geral-extraordinaria-5","status":"publish","type":"post","link":"https:\/\/sindenfermeiro.com.br\/index.php\/2020\/07\/20\/assembleia-geral-extraordinaria-5\/","title":{"rendered":"Assembleia Geral Extraordin\u00e1ria"},"content":{"rendered":"<p><img loading=\"lazy\" decoding=\"async\" class=\"aligncenter wp-image-40147 \" src=\"https:\/\/sindenfermeiro.com.br\/wp-content\/uploads\/2020\/07\/WhatsApp-Image-2020-07-20-at-16.08.06-724x1024.jpeg\" alt=\"\" width=\"409\" height=\"577\" srcset=\"https:\/\/sindenfermeiro.com.br\/wp-content\/uploads\/2020\/07\/WhatsApp-Image-2020-07-20-at-16.08.06-724x1024.jpeg 724w, https:\/\/sindenfermeiro.com.br\/wp-content\/uploads\/2020\/07\/WhatsApp-Image-2020-07-20-at-16.08.06-212x300.jpeg 212w, https:\/\/sindenfermeiro.com.br\/wp-content\/uploads\/2020\/07\/WhatsApp-Image-2020-07-20-at-16.08.06-768x1086.jpeg 768w, https:\/\/sindenfermeiro.com.br\/wp-content\/uploads\/2020\/07\/WhatsApp-Image-2020-07-20-at-16.08.06.jpeg 905w\" sizes=\"auto, (max-width: 409px) 100vw, 409px\" \/><\/p>\n<p>O Sindicato dos Enfermeiros do Distrito Federal convoca todos os enfermeiros filiados para participarem da Assembleia Geral Extraordin\u00e1ria, dia 23 de julho (quinta-feira), \u00e0s 19 horas, no Clube da Sa\u00fade.<\/p>\n<p><strong>Pautas:<\/strong><br \/>\n&#8211; A\u00e7\u00f5es de combate \u00e0 Covid19<br \/>\n&#8211; Insalubridade<br \/>\n&#8211; Circular 42\/2020 (aplica\u00e7\u00e3o da lei 173\/2020)<br \/>\n&#8211; Isonomia salarial<\/p>\n<p><strong>Informa\u00e7\u00f5es gerais:<\/strong><br \/>\nO local escolhido para a realiza\u00e7\u00e3o da assembleia \u00e9 amplo e arejado, assim, conseguiremos respeitar o distanciamento social. \u00c9 imprescind\u00edvel manter o distanciamento de 2 metros, al\u00e9m da utiliza\u00e7\u00e3o de m\u00e1scaras e higieniza\u00e7\u00e3o das m\u00e3os com \u00e1lcool em gel.<\/p>\n<p><strong>Quando?<\/strong> Dia 23 de julho (quinta-feira)<br \/>\n<strong>Onde?<\/strong> Clube da Sa\u00fade \u2013 SGAP, Lote G, \u00c1rea Especial \u2013 Bras\u00edlia, DF (entrada pela EPTG, ao lado da CAESB)<br \/>\n<strong>Que horas?<\/strong> Primeira chamada: 19h<br \/>\nSegunda chamada: 19:30h<\/p>\n<p><strong>Esperamos por todos voc\u00eas!<\/strong><br \/>\n<strong>Participe!<\/strong><\/p>\n","protected":false},"excerpt":{"rendered":"<p>O Sindicato dos Enfermeiros do Distrito Federal convoca todos os enfermeiros filiados para participarem da Assembleia Geral Extraordin\u00e1ria, dia 23 de julho (quinta-feira), \u00e0s 19 horas, no Clube da Sa\u00fade. Pautas: &#8211; A\u00e7\u00f5es de combate \u00e0 Covid19 &#8211; Insalubridade &#8211; Circular 42\/2020 (aplica\u00e7\u00e3o da lei 173\/2020) &#8211; Isonomia salarial Informa\u00e7\u00f5es gerais: O local escolhido para [&hellip;]<\/p>\n","protected":false},"author":6,"featured_media":40148,"comment_status":"open","ping_status":"open","sticky":false,"template":"","format":"standard","meta":{"footnotes":""},"categories":[6,13,5],"tags":[413,21,56],"class_list":["post-40146","post","type-post","status-publish","format-standard","has-post-thumbnail","hentry","category-noticias","category-rede-privada","category-rede-publica","tag-assembleia","tag-sindenfermeiro","tag-sindicato"],"_links":{"self":[{"href":"https:\/\/sindenfermeiro.com.br\/index.php\/wp-json\/wp\/v2\/posts\/40146","targetHints":{"allow":["GET"]}}],"collection":[{"href":"https:\/\/sindenfermeiro.com.br\/index.php\/wp-json\/wp\/v2\/posts"}],"about":[{"href":"https:\/\/sindenfermeiro.com.br\/index.php\/wp-json\/wp\/v2\/types\/post"}],"author":[{"embeddable":true,"href":"https:\/\/sindenfermeiro.com.br\/index.php\/wp-json\/wp\/v2\/users\/6"}],"replies":[{"embeddable":true,"href":"https:\/\/sindenfermeiro.com.br\/index.php\/wp-json\/wp\/v2\/comments?post=40146"}],"version-history":[{"count":1,"href":"https:\/\/sindenfermeiro.com.br\/index.php\/wp-json\/wp\/v2\/posts\/40146\/revisions"}],"predecessor-version":[{"id":40149,"href":"https:\/\/sindenfermeiro.com.br\/index.php\/wp-json\/wp\/v2\/posts\/40146\/revisions\/40149"}],"wp:featuredmedia":[{"embeddable":true,"href":"https:\/\/sindenfermeiro.com.br\/index.php\/wp-json\/wp\/v2\/media\/40148"}],"wp:attachment":[{"href":"https:\/\/sindenfermeiro.com.br\/index.php\/wp-json\/wp\/v2\/media?parent=40146"}],"wp:term":[{"taxonomy":"category","embeddable":true,"href":"https:\/\/sindenfermeiro.com.br\/index.php\/wp-json\/wp\/v2\/categories?post=40146"},{"taxonomy":"post_tag","embeddable":true,"href":"https:\/\/sindenfermeiro.com.br\/index.php\/wp-json\/wp\/v2\/tags?post=40146"}],"curies":[{"name":"wp","href":"https:\/\/api.w.org\/{rel}","templated":true}]}}