{"id":40140,"date":"2020-07-17T16:40:36","date_gmt":"2020-07-17T19:40:36","guid":{"rendered":"https:\/\/sindenfermeiro.com.br\/?p=40140"},"modified":"2026-04-27T07:05:10","modified_gmt":"2026-04-27T10:05:10","slug":"estudantes-de-enfermagem-da-escs-ganham-premiacao-por-trabalho-sobre-assistencia-a-gestante-imigrante-no-ambito-do-sus","status":"publish","type":"post","link":"https:\/\/sindenfermeiro.com.br\/index.php\/2020\/07\/17\/estudantes-de-enfermagem-da-escs-ganham-premiacao-por-trabalho-sobre-assistencia-a-gestante-imigrante-no-ambito-do-sus\/","title":{"rendered":"Estudantes de enfermagem da ESCS ganham premia\u00e7\u00e3o por trabalho sobre assist\u00eancia \u00e0 gestante imigrante no \u00e2mbito do SUS"},"content":{"rendered":"<div id=\"attachment_40141\" style=\"width: 430px\" class=\"wp-caption aligncenter\"><img loading=\"lazy\" decoding=\"async\" aria-describedby=\"caption-attachment-40141\" class=\"wp-image-40141\" src=\"https:\/\/sindenfermeiro.com.br\/wp-content\/uploads\/2020\/07\/WhatsApp-Image-2020-07-17-at-16.06.03-3-768x1024.jpeg\" alt=\"\" width=\"420\" height=\"561\" srcset=\"https:\/\/sindenfermeiro.com.br\/wp-content\/uploads\/2020\/07\/WhatsApp-Image-2020-07-17-at-16.06.03-3-768x1024.jpeg 768w, https:\/\/sindenfermeiro.com.br\/wp-content\/uploads\/2020\/07\/WhatsApp-Image-2020-07-17-at-16.06.03-3-225x300.jpeg 225w, https:\/\/sindenfermeiro.com.br\/wp-content\/uploads\/2020\/07\/WhatsApp-Image-2020-07-17-at-16.06.03-3.jpeg 960w\" sizes=\"auto, (max-width: 420px) 100vw, 420px\" \/><p id=\"caption-attachment-40141\" class=\"wp-caption-text\">Foto: Arquivo pessoal<\/p><\/div>\n<p>O momento do parto \u00e9 uma experi\u00eancia \u00fanica na vida de uma mulher. E nesse contexto, as enfermeiras obstetras possuem papel fundamental para que tudo corra bem, auxiliando n\u00e3o apenas com as t\u00e9cnicas de parto, mas tamb\u00e9m levando em conta o aspecto psicol\u00f3gico da gestante.<\/p>\n<p>Mas, para voc\u00ea que \u00e9 ou ser\u00e1 m\u00e3e ainda, j\u00e1 imaginou como seria ter o seu filho em um pa\u00eds completamente diferente do seu, com uma cultura diferente e outro idioma? Esse foi o objeto de estudo de duas estudantes de Enfermagem da Escola Superior de Ci\u00eancias da Sa\u00fade de Bras\u00edlia (ESCS), que foram vencedoras do I Simp\u00f3sio Caririense de Assist\u00eancia ao Parto Normal, realizado pela Universidade Federal do Cariri (UFCA).<\/p>\n<p>Com o t\u00edtulo \u201cComunica\u00e7\u00e3o e Assist\u00eancia \u00e0 parturiente imigrante no Sistema \u00danico de Sa\u00fade (SUS)\u201d, o trabalho de autoria das estudantes B\u00e1rbara Cristina e S\u00e2mia Let\u00edcia trouxe uma an\u00e1lise sobre os desafios no \u00e2mbito do Sistema \u00danico de Sa\u00fade (SUS) para o atendimento a pessoas oriundas de outras na\u00e7\u00f5es, e as barreiras que ainda atrapalham a presta\u00e7\u00e3o da plena assist\u00eancia a esses pacientes.<\/p>\n<p>Uma das autoras do projeto, S\u00e2mia Let\u00edcia, destaca que \u201cenquanto futuras enfermeiras, \u00e9 fundamental compreender a import\u00e2ncia que o princ\u00edpio da Universalidade possui no contexto do SUS, para que seja assegurado um atendimento equ\u00e2nime e integral, inclusive, para os estrangeiros\u201d.<\/p>\n<p>Ainda segundo a estudante, apesar da aus\u00eancia de pol\u00edticas p\u00fablicas em sa\u00fade voltadas aos imigrantes, o princ\u00edpio da assist\u00eancia humanizada e baseada em evid\u00eancias adotada pelo SUS permite que os profissionais desenvolvam compet\u00eancias culturais para atender pacientes de diferentes nacionalidades, etnias, sexo, poder aquisitivo e n\u00edveis de escolaridade.<\/p>\n<div id=\"attachment_40142\" style=\"width: 436px\" class=\"wp-caption aligncenter\"><img loading=\"lazy\" decoding=\"async\" aria-describedby=\"caption-attachment-40142\" class=\"wp-image-40142 \" src=\"https:\/\/sindenfermeiro.com.br\/wp-content\/uploads\/2020\/07\/WhatsApp-Image-2020-07-17-at-16.06.03-768x1024.jpeg\" alt=\"\" width=\"426\" height=\"567\" srcset=\"https:\/\/sindenfermeiro.com.br\/wp-content\/uploads\/2020\/07\/WhatsApp-Image-2020-07-17-at-16.06.03-768x1024.jpeg 768w, https:\/\/sindenfermeiro.com.br\/wp-content\/uploads\/2020\/07\/WhatsApp-Image-2020-07-17-at-16.06.03-225x300.jpeg 225w, https:\/\/sindenfermeiro.com.br\/wp-content\/uploads\/2020\/07\/WhatsApp-Image-2020-07-17-at-16.06.03.jpeg 810w\" sizes=\"auto, (max-width: 426px) 100vw, 426px\" \/><p id=\"caption-attachment-40142\" class=\"wp-caption-text\">Enfermeira obstetra Geruza Amaral. Foto: Arquivo pessoal<\/p><\/div>\n<p>Segundo a enfermeira obstetra Geruza Amaral, que participou do parto realizado no Centro Obst\u00e9trico do Hospital Regional da Asa Norte (HRAN), o casal de imigrantes vindos da L\u00edbia havia acabado de chegar ao Brasil, e sequer falavam portugu\u00eas. \u201cTodas as barreiras de idioma e religiosas (sic) foram rompidas quando foi estabelecida a paz entre n\u00f3s (enfermeiras) e o casal\u201d, afirma.<\/p>\n<p>Para a obstetra, \u201co idioma universal \u00e9 o respeito e o amor verdadeiro ao pr\u00f3ximo, e no momento sagrado do nascimento, \u00e9 o que precisamos para estabelecer uma rela\u00e7\u00e3o de confian\u00e7a e afeto\u201d, finalizou.<\/p>\n","protected":false},"excerpt":{"rendered":"<p>O momento do parto \u00e9 uma experi\u00eancia \u00fanica na vida de uma mulher. E nesse contexto, as enfermeiras obstetras possuem papel fundamental para que tudo corra bem, auxiliando n\u00e3o apenas com as t\u00e9cnicas de parto, mas tamb\u00e9m levando em conta o aspecto psicol\u00f3gico da gestante. Mas, para voc\u00ea que \u00e9 ou ser\u00e1 m\u00e3e ainda, j\u00e1 [&hellip;]<\/p>\n","protected":false},"author":6,"featured_media":40145,"comment_status":"open","ping_status":"open","sticky":false,"template":"","format":"standard","meta":{"footnotes":""},"categories":[6,5],"tags":[571,7,57,289,21,335,572],"class_list":["post-40140","post","type-post","status-publish","format-standard","has-post-thumbnail","hentry","category-noticias","category-rede-publica","tag-academico","tag-enfermagem","tag-escs","tag-obstetra","tag-sindenfermeiro","tag-trabalho","tag-ufca"],"_links":{"self":[{"href":"https:\/\/sindenfermeiro.com.br\/index.php\/wp-json\/wp\/v2\/posts\/40140","targetHints":{"allow":["GET"]}}],"collection":[{"href":"https:\/\/sindenfermeiro.com.br\/index.php\/wp-json\/wp\/v2\/posts"}],"about":[{"href":"https:\/\/sindenfermeiro.com.br\/index.php\/wp-json\/wp\/v2\/types\/post"}],"author":[{"embeddable":true,"href":"https:\/\/sindenfermeiro.com.br\/index.php\/wp-json\/wp\/v2\/users\/6"}],"replies":[{"embeddable":true,"href":"https:\/\/sindenfermeiro.com.br\/index.php\/wp-json\/wp\/v2\/comments?post=40140"}],"version-history":[{"count":2,"href":"https:\/\/sindenfermeiro.com.br\/index.php\/wp-json\/wp\/v2\/posts\/40140\/revisions"}],"predecessor-version":[{"id":40144,"href":"https:\/\/sindenfermeiro.com.br\/index.php\/wp-json\/wp\/v2\/posts\/40140\/revisions\/40144"}],"wp:featuredmedia":[{"embeddable":true,"href":"https:\/\/sindenfermeiro.com.br\/index.php\/wp-json\/wp\/v2\/media\/40145"}],"wp:attachment":[{"href":"https:\/\/sindenfermeiro.com.br\/index.php\/wp-json\/wp\/v2\/media?parent=40140"}],"wp:term":[{"taxonomy":"category","embeddable":true,"href":"https:\/\/sindenfermeiro.com.br\/index.php\/wp-json\/wp\/v2\/categories?post=40140"},{"taxonomy":"post_tag","embeddable":true,"href":"https:\/\/sindenfermeiro.com.br\/index.php\/wp-json\/wp\/v2\/tags?post=40140"}],"curies":[{"name":"wp","href":"https:\/\/api.w.org\/{rel}","templated":true}]}}