{"id":40135,"date":"2020-07-16T14:32:21","date_gmt":"2020-07-16T17:32:21","guid":{"rendered":"https:\/\/sindenfermeiro.com.br\/?p=40135"},"modified":"2026-04-26T23:15:04","modified_gmt":"2026-04-27T02:15:04","slug":"profissionais-que-forem-vitimas-da-covid-receberao-indenizacao-de-50-mil-reais","status":"publish","type":"post","link":"https:\/\/sindenfermeiro.com.br\/index.php\/2020\/07\/16\/profissionais-que-forem-vitimas-da-covid-receberao-indenizacao-de-50-mil-reais\/","title":{"rendered":"Profissionais que forem v\u00edtimas da Covid receber\u00e3o indeniza\u00e7\u00e3o de 50 mil reais"},"content":{"rendered":"<p style=\"text-align: justify\">A C\u00e2mara dos Deputados aprovou na \u00faltima ter\u00e7a (14), o Projeto de Lei 1826\/2020 que concede R$ 50 mil de indeniza\u00e7\u00e3o a profissionais que ficaram incapacitados ap\u00f3s contra\u00edrem a Covid-19, por atuarem na linha de frente no combate \u00e0 pandemia. O texto determina que, caso o profissional tenha morrido ou que venha a falecer por conta da doen\u00e7a, os dependentes do trabalhador receba os 50 mil reais.<\/p>\n<p style=\"text-align: justify\">Al\u00e9m de enfermeiros, t\u00e9cnicos e auxiliares de enfermagem, o texto inclui m\u00e9dicos, fisioterapeutas, nutricionistas, assistentes sociais, profissionais que atuam nos testes em laborat\u00f3rios de an\u00e1lises cl\u00ednicas e os profissionais que n\u00e3o exercem atividades-fim de sa\u00fade, mas ajudam a operacionalizar o atendimento, como servi\u00e7os administrativos e de copa, lavanderia, limpeza, seguran\u00e7a, condu\u00e7\u00e3o de ambul\u00e2ncias e at\u00e9 mesmo coveiros e trabalhadores de necrot\u00e9rios.<\/p>\n<p style=\"text-align: justify\">O PL 1826\/2020 j\u00e1 foi aprovado pelo Senado, e segue para san\u00e7\u00e3o presidencial. O presidente pode aprov\u00e1-lo na \u00edntegra ou vet\u00e1-lo de forma total ou parcial.<\/p>\n","protected":false},"excerpt":{"rendered":"<p>A C\u00e2mara dos Deputados aprovou na \u00faltima ter\u00e7a (14), o Projeto de Lei 1826\/2020 que concede R$ 50 mil de indeniza\u00e7\u00e3o a profissionais que ficaram incapacitados ap\u00f3s contra\u00edrem a Covid-19, por atuarem na linha de frente no combate \u00e0 pandemia. O texto determina que, caso o profissional tenha morrido ou que venha a falecer por [&hellip;]<\/p>\n","protected":false},"author":6,"featured_media":40137,"comment_status":"open","ping_status":"open","sticky":false,"template":"","format":"standard","meta":{"footnotes":""},"categories":[6,13,5],"tags":[229,7,99,464,160,570,21],"class_list":["post-40135","post","type-post","status-publish","format-standard","has-post-thumbnail","hentry","category-noticias","category-rede-privada","category-rede-publica","tag-camara-dos-deputados","tag-enfermagem","tag-enfermagem-df","tag-novo-coronavirus","tag-projeto-de-lei","tag-senado-federal","tag-sindenfermeiro"],"_links":{"self":[{"href":"https:\/\/sindenfermeiro.com.br\/index.php\/wp-json\/wp\/v2\/posts\/40135","targetHints":{"allow":["GET"]}}],"collection":[{"href":"https:\/\/sindenfermeiro.com.br\/index.php\/wp-json\/wp\/v2\/posts"}],"about":[{"href":"https:\/\/sindenfermeiro.com.br\/index.php\/wp-json\/wp\/v2\/types\/post"}],"author":[{"embeddable":true,"href":"https:\/\/sindenfermeiro.com.br\/index.php\/wp-json\/wp\/v2\/users\/6"}],"replies":[{"embeddable":true,"href":"https:\/\/sindenfermeiro.com.br\/index.php\/wp-json\/wp\/v2\/comments?post=40135"}],"version-history":[{"count":2,"href":"https:\/\/sindenfermeiro.com.br\/index.php\/wp-json\/wp\/v2\/posts\/40135\/revisions"}],"predecessor-version":[{"id":40138,"href":"https:\/\/sindenfermeiro.com.br\/index.php\/wp-json\/wp\/v2\/posts\/40135\/revisions\/40138"}],"wp:featuredmedia":[{"embeddable":true,"href":"https:\/\/sindenfermeiro.com.br\/index.php\/wp-json\/wp\/v2\/media\/40137"}],"wp:attachment":[{"href":"https:\/\/sindenfermeiro.com.br\/index.php\/wp-json\/wp\/v2\/media?parent=40135"}],"wp:term":[{"taxonomy":"category","embeddable":true,"href":"https:\/\/sindenfermeiro.com.br\/index.php\/wp-json\/wp\/v2\/categories?post=40135"},{"taxonomy":"post_tag","embeddable":true,"href":"https:\/\/sindenfermeiro.com.br\/index.php\/wp-json\/wp\/v2\/tags?post=40135"}],"curies":[{"name":"wp","href":"https:\/\/api.w.org\/{rel}","templated":true}]}}