{"id":40132,"date":"2020-07-16T10:58:36","date_gmt":"2020-07-16T13:58:36","guid":{"rendered":"https:\/\/sindenfermeiro.com.br\/?p=40132"},"modified":"2026-04-27T07:01:12","modified_gmt":"2026-04-27T10:01:12","slug":"enfermeiros-e-outros-servidores-da-ses-sao-autorizados-a-aumentar-jornada-de-trabalho","status":"publish","type":"post","link":"https:\/\/sindenfermeiro.com.br\/index.php\/2020\/07\/16\/enfermeiros-e-outros-servidores-da-ses-sao-autorizados-a-aumentar-jornada-de-trabalho\/","title":{"rendered":"Enfermeiros e outros servidores da SES s\u00e3o autorizados a aumentar jornada de trabalho"},"content":{"rendered":"<p><img loading=\"lazy\" decoding=\"async\" class=\"aligncenter wp-image-40133 \" src=\"https:\/\/sindenfermeiro.com.br\/wp-content\/uploads\/2020\/07\/desvende-os-4-maiores-mitos-da-carreira-e-do-curso-de-enfermagem-1140x760-1024x683.jpeg\" alt=\"\" width=\"644\" height=\"430\" srcset=\"https:\/\/sindenfermeiro.com.br\/wp-content\/uploads\/2020\/07\/desvende-os-4-maiores-mitos-da-carreira-e-do-curso-de-enfermagem-1140x760-1024x683.jpeg 1024w, https:\/\/sindenfermeiro.com.br\/wp-content\/uploads\/2020\/07\/desvende-os-4-maiores-mitos-da-carreira-e-do-curso-de-enfermagem-1140x760-300x200.jpeg 300w, https:\/\/sindenfermeiro.com.br\/wp-content\/uploads\/2020\/07\/desvende-os-4-maiores-mitos-da-carreira-e-do-curso-de-enfermagem-1140x760-768x512.jpeg 768w, https:\/\/sindenfermeiro.com.br\/wp-content\/uploads\/2020\/07\/desvende-os-4-maiores-mitos-da-carreira-e-do-curso-de-enfermagem-1140x760.jpeg 1140w\" sizes=\"auto, (max-width: 644px) 100vw, 644px\" \/><\/p>\n<p>Foi publicada na edi\u00e7\u00e3o de ontem (15) do Di\u00e1rio Oficial do Distrito Federal (DODF) a amplia\u00e7\u00e3o da jornada de trabalho de 44 servidores da Secretaria de Sa\u00fade (SES-DF), com o objetivo de refor\u00e7ar as unidades de sa\u00fade no combate ao coronav\u00edrus..<\/p>\n<p>As amplia\u00e7\u00f5es de 40 horas semanais s\u00e3o, em sua maioria, para 34 servidores que atuam no Hospital Regional de Ceil\u00e2ndia (HRC) e no Hospital Materno Infantil de Bras\u00edlia (HMIB) \u2013 17 em cada unidade.<\/p>\n<p>Os outros 10 servidores est\u00e3o distribu\u00eddos entre as Regi\u00f5es de Sa\u00fade Central, Centro-Sul, Sudoeste, Sul e Noroeste \u2013 entre enfermeiros, t\u00e9cnicos de enfermagem, m\u00e9dicos, biom\u00e9dicos, dentistas, auxiliares operacionais, fonoaudi\u00f3logos e fisioterapeutas.<\/p>\n<p><strong>Mais 36 aprovados em concurso de 2018 s\u00e3o nomeados<\/strong><\/p>\n<p>Tamb\u00e9m foi publicada ontem (15) a nomea\u00e7\u00e3o de mais 36 enfermeiros aprovados no \u00faltimo concurso realizado pela Secretaria de Sa\u00fade (SES-DF), em 2018. Entre os convocados, 24 s\u00e3o enfermeiros de fam\u00edlia e comunidade, e 12 s\u00e3o enfermeiros obstetras.<\/p>\n<p>O SindEnfermeiro-DF parabeniza e deseja muito sucesso aos profissionais que agora estar\u00e3o atuando em benef\u00edcio da popula\u00e7\u00e3o do Distrito Federal, e auxiliando no combate ao coronav\u00edrus.<\/p>\n","protected":false},"excerpt":{"rendered":"<p>Foi publicada na edi\u00e7\u00e3o de ontem (15) do Di\u00e1rio Oficial do Distrito Federal (DODF) a amplia\u00e7\u00e3o da jornada de trabalho de 44 servidores da Secretaria de Sa\u00fade (SES-DF), com o objetivo de refor\u00e7ar as unidades de sa\u00fade no combate ao coronav\u00edrus.. As amplia\u00e7\u00f5es de 40 horas semanais s\u00e3o, em sua maioria, para 34 servidores que [&hellip;]<\/p>\n","protected":false},"author":6,"featured_media":40133,"comment_status":"open","ping_status":"open","sticky":false,"template":"","format":"standard","meta":{"footnotes":""},"categories":[6,5],"tags":[569,424,248,89,21],"class_list":["post-40132","post","type-post","status-publish","format-standard","has-post-thumbnail","hentry","category-noticias","category-rede-publica","tag-ampliacao-da-jornada","tag-coronavirus","tag-hmib","tag-hrc","tag-sindenfermeiro"],"_links":{"self":[{"href":"https:\/\/sindenfermeiro.com.br\/index.php\/wp-json\/wp\/v2\/posts\/40132","targetHints":{"allow":["GET"]}}],"collection":[{"href":"https:\/\/sindenfermeiro.com.br\/index.php\/wp-json\/wp\/v2\/posts"}],"about":[{"href":"https:\/\/sindenfermeiro.com.br\/index.php\/wp-json\/wp\/v2\/types\/post"}],"author":[{"embeddable":true,"href":"https:\/\/sindenfermeiro.com.br\/index.php\/wp-json\/wp\/v2\/users\/6"}],"replies":[{"embeddable":true,"href":"https:\/\/sindenfermeiro.com.br\/index.php\/wp-json\/wp\/v2\/comments?post=40132"}],"version-history":[{"count":1,"href":"https:\/\/sindenfermeiro.com.br\/index.php\/wp-json\/wp\/v2\/posts\/40132\/revisions"}],"predecessor-version":[{"id":40134,"href":"https:\/\/sindenfermeiro.com.br\/index.php\/wp-json\/wp\/v2\/posts\/40132\/revisions\/40134"}],"wp:featuredmedia":[{"embeddable":true,"href":"https:\/\/sindenfermeiro.com.br\/index.php\/wp-json\/wp\/v2\/media\/40133"}],"wp:attachment":[{"href":"https:\/\/sindenfermeiro.com.br\/index.php\/wp-json\/wp\/v2\/media?parent=40132"}],"wp:term":[{"taxonomy":"category","embeddable":true,"href":"https:\/\/sindenfermeiro.com.br\/index.php\/wp-json\/wp\/v2\/categories?post=40132"},{"taxonomy":"post_tag","embeddable":true,"href":"https:\/\/sindenfermeiro.com.br\/index.php\/wp-json\/wp\/v2\/tags?post=40132"}],"curies":[{"name":"wp","href":"https:\/\/api.w.org\/{rel}","templated":true}]}}