{"id":40129,"date":"2020-07-14T15:14:01","date_gmt":"2020-07-14T18:14:01","guid":{"rendered":"https:\/\/sindenfermeiro.com.br\/?p=40129"},"modified":"2026-04-26T23:18:05","modified_gmt":"2026-04-27T02:18:05","slug":"sindenfermeiro-vai-ao-hospital-santa-lucia-averiguar-condicoes-de-trabalho-dos-profissionais","status":"publish","type":"post","link":"https:\/\/sindenfermeiro.com.br\/index.php\/2020\/07\/14\/sindenfermeiro-vai-ao-hospital-santa-lucia-averiguar-condicoes-de-trabalho-dos-profissionais\/","title":{"rendered":"SindEnfermeiro vai ao Hospital Santa L\u00facia averiguar condi\u00e7\u00f5es de trabalho dos profissionais"},"content":{"rendered":"<p><img loading=\"lazy\" decoding=\"async\" class=\"aligncenter wp-image-40130 \" src=\"https:\/\/sindenfermeiro.com.br\/wp-content\/uploads\/2020\/07\/WhatsApp-Image-2020-07-14-at-13.02.35-1024x768.jpeg\" alt=\"\" width=\"651\" height=\"488\" srcset=\"https:\/\/sindenfermeiro.com.br\/wp-content\/uploads\/2020\/07\/WhatsApp-Image-2020-07-14-at-13.02.35-1024x768.jpeg 1024w, https:\/\/sindenfermeiro.com.br\/wp-content\/uploads\/2020\/07\/WhatsApp-Image-2020-07-14-at-13.02.35-300x225.jpeg 300w, https:\/\/sindenfermeiro.com.br\/wp-content\/uploads\/2020\/07\/WhatsApp-Image-2020-07-14-at-13.02.35-768x576.jpeg 768w, https:\/\/sindenfermeiro.com.br\/wp-content\/uploads\/2020\/07\/WhatsApp-Image-2020-07-14-at-13.02.35.jpeg 1280w\" sizes=\"auto, (max-width: 651px) 100vw, 651px\" \/><\/p>\n<p>Na manh\u00e3 de hoje (14), o Sindicato dos Enfermeiros do Distrito Federal (SindEnfermeiro-DF) esteve no Hospital Santa L\u00facia para averiguar as condi\u00e7\u00f5es de trabalho dos profissionais, bem como o fluxo de atendimento aos pacientes com o coronav\u00edrus, a disponibilidade dos equipamentos de prote\u00e7\u00e3o individual (EPIs) e a realiza\u00e7\u00e3o dos testes para Covid.<\/p>\n<p>Durante a visita, realizada pelo secret\u00e1rio-geral do SindEnfermeiro, Jorge Henrique, e o diretor Adriano Lim\u00edrio, foi constatado o aumento repentino no n\u00famero de pacientes com sintomas respirat\u00f3rios ou com diagn\u00f3stico positivo para o v\u00edrus. Al\u00e9m disso, todas as unidades do hospital destinadas ao tratamento dos pacientes com o v\u00edrus est\u00e3o ocupadas \u2013 fator que pode ser considerado como um reflexo dos movimentos de reabertura dos servi\u00e7os n\u00e3o essenciais e do desrespeito \u00e0s normas de isolamento social.<\/p>\n<p>O SindEnfermeiro est\u00e1 fiscalizando todas as unidades de sa\u00fade do Distrito Federal para checar den\u00fancias de irregularidades, condi\u00e7\u00f5es de trabalho para os profissionais na linha de frente, bem como a disponibilidade dos equipamentos de prote\u00e7\u00e3o necess\u00e1rios.<\/p>\n<p>No entanto, \u00e9 fundamental que a popula\u00e7\u00e3o tamb\u00e9m fa\u00e7a a sua parte, pois os hospitais das redes p\u00fablica e privada est\u00e3o chegando ao limite da sua capacidade, e o colapso da estrutura de sa\u00fade nesse momento cr\u00edtico da pandemia pode custar a vida de outros milhares de brasilienses.<\/p>\n","protected":false},"excerpt":{"rendered":"<p>Na manh\u00e3 de hoje (14), o Sindicato dos Enfermeiros do Distrito Federal (SindEnfermeiro-DF) esteve no Hospital Santa L\u00facia para averiguar as condi\u00e7\u00f5es de trabalho dos profissionais, bem como o fluxo de atendimento aos pacientes com o coronav\u00edrus, a disponibilidade dos equipamentos de prote\u00e7\u00e3o individual (EPIs) e a realiza\u00e7\u00e3o dos testes para Covid. Durante a visita, [&hellip;]<\/p>\n","protected":false},"author":6,"featured_media":40130,"comment_status":"open","ping_status":"open","sticky":false,"template":"","format":"standard","meta":{"footnotes":""},"categories":[6,13],"tags":[454,567,21],"class_list":["post-40129","post","type-post","status-publish","format-standard","has-post-thumbnail","hentry","category-noticias","category-rede-privada","tag-covid-19","tag-fiscalizacao","tag-sindenfermeiro"],"_links":{"self":[{"href":"https:\/\/sindenfermeiro.com.br\/index.php\/wp-json\/wp\/v2\/posts\/40129","targetHints":{"allow":["GET"]}}],"collection":[{"href":"https:\/\/sindenfermeiro.com.br\/index.php\/wp-json\/wp\/v2\/posts"}],"about":[{"href":"https:\/\/sindenfermeiro.com.br\/index.php\/wp-json\/wp\/v2\/types\/post"}],"author":[{"embeddable":true,"href":"https:\/\/sindenfermeiro.com.br\/index.php\/wp-json\/wp\/v2\/users\/6"}],"replies":[{"embeddable":true,"href":"https:\/\/sindenfermeiro.com.br\/index.php\/wp-json\/wp\/v2\/comments?post=40129"}],"version-history":[{"count":1,"href":"https:\/\/sindenfermeiro.com.br\/index.php\/wp-json\/wp\/v2\/posts\/40129\/revisions"}],"predecessor-version":[{"id":40131,"href":"https:\/\/sindenfermeiro.com.br\/index.php\/wp-json\/wp\/v2\/posts\/40129\/revisions\/40131"}],"wp:featuredmedia":[{"embeddable":true,"href":"https:\/\/sindenfermeiro.com.br\/index.php\/wp-json\/wp\/v2\/media\/40130"}],"wp:attachment":[{"href":"https:\/\/sindenfermeiro.com.br\/index.php\/wp-json\/wp\/v2\/media?parent=40129"}],"wp:term":[{"taxonomy":"category","embeddable":true,"href":"https:\/\/sindenfermeiro.com.br\/index.php\/wp-json\/wp\/v2\/categories?post=40129"},{"taxonomy":"post_tag","embeddable":true,"href":"https:\/\/sindenfermeiro.com.br\/index.php\/wp-json\/wp\/v2\/tags?post=40129"}],"curies":[{"name":"wp","href":"https:\/\/api.w.org\/{rel}","templated":true}]}}