{"id":40125,"date":"2020-07-14T12:35:02","date_gmt":"2020-07-14T15:35:02","guid":{"rendered":"https:\/\/sindenfermeiro.com.br\/?p=40125"},"modified":"2026-04-26T23:18:05","modified_gmt":"2026-04-27T02:18:05","slug":"plano-de-saude-filiados-ao-sindenfermeiro-nao-terao-reajuste-anual-em-suas-mensalidades-de-2020","status":"publish","type":"post","link":"https:\/\/sindenfermeiro.com.br\/index.php\/2020\/07\/14\/plano-de-saude-filiados-ao-sindenfermeiro-nao-terao-reajuste-anual-em-suas-mensalidades-de-2020\/","title":{"rendered":"PLANO DE SA\u00daDE: filiados ao SindEnfermeiro n\u00e3o ter\u00e3o reajuste anual em suas mensalidades de 2020"},"content":{"rendered":"<p style=\"text-align: justify\">Todos os anos, a operadoras dos planos de sa\u00fade reajustam os valores de suas mensalidades. No entanto, o SindEnfermeiro-DF renovou sua parceria com a Amil e conseguiu que os filiados ao sindicato n\u00e3o tenham aumentos em suas mensalidades. Depois de apontar as dificuldades que os enfermeiros t\u00eam enfrentado e ap\u00f3s muita negocia\u00e7\u00e3o, o SindEnfermeiro-DF conseguiu que n\u00e3o houvesse aumento nas tarifas.<\/p>\n<p style=\"text-align: justify\">Parceiros h\u00e1 mais de 20 anos, Sindicato dos Enfermeiros e Amil oferecem aos enfermeiros filiados condi\u00e7\u00f5es e pre\u00e7os diferenciados, especialmente com os praticados no mercado. E agora o SindEnfermeiro conseguiu algo in\u00e9dito: os sindicalizados n\u00e3o ter\u00e3o reajuste anual na mensalidade dos planos de sa\u00fade em 2020.<\/p>\n","protected":false},"excerpt":{"rendered":"<p>Todos os anos, a operadoras dos planos de sa\u00fade reajustam os valores de suas mensalidades. No entanto, o SindEnfermeiro-DF renovou sua parceria com a Amil e conseguiu que os filiados ao sindicato n\u00e3o tenham aumentos em suas mensalidades. Depois de apontar as dificuldades que os enfermeiros t\u00eam enfrentado e ap\u00f3s muita negocia\u00e7\u00e3o, o SindEnfermeiro-DF conseguiu [&hellip;]<\/p>\n","protected":false},"author":6,"featured_media":40126,"comment_status":"open","ping_status":"open","sticky":false,"template":"","format":"standard","meta":{"footnotes":""},"categories":[6,13,5],"tags":[346,7,62,21],"class_list":["post-40125","post","type-post","status-publish","format-standard","has-post-thumbnail","hentry","category-noticias","category-rede-privada","category-rede-publica","tag-amil","tag-enfermagem","tag-plano-de-saude","tag-sindenfermeiro"],"_links":{"self":[{"href":"https:\/\/sindenfermeiro.com.br\/index.php\/wp-json\/wp\/v2\/posts\/40125","targetHints":{"allow":["GET"]}}],"collection":[{"href":"https:\/\/sindenfermeiro.com.br\/index.php\/wp-json\/wp\/v2\/posts"}],"about":[{"href":"https:\/\/sindenfermeiro.com.br\/index.php\/wp-json\/wp\/v2\/types\/post"}],"author":[{"embeddable":true,"href":"https:\/\/sindenfermeiro.com.br\/index.php\/wp-json\/wp\/v2\/users\/6"}],"replies":[{"embeddable":true,"href":"https:\/\/sindenfermeiro.com.br\/index.php\/wp-json\/wp\/v2\/comments?post=40125"}],"version-history":[{"count":2,"href":"https:\/\/sindenfermeiro.com.br\/index.php\/wp-json\/wp\/v2\/posts\/40125\/revisions"}],"predecessor-version":[{"id":40128,"href":"https:\/\/sindenfermeiro.com.br\/index.php\/wp-json\/wp\/v2\/posts\/40125\/revisions\/40128"}],"wp:featuredmedia":[{"embeddable":true,"href":"https:\/\/sindenfermeiro.com.br\/index.php\/wp-json\/wp\/v2\/media\/40126"}],"wp:attachment":[{"href":"https:\/\/sindenfermeiro.com.br\/index.php\/wp-json\/wp\/v2\/media?parent=40125"}],"wp:term":[{"taxonomy":"category","embeddable":true,"href":"https:\/\/sindenfermeiro.com.br\/index.php\/wp-json\/wp\/v2\/categories?post=40125"},{"taxonomy":"post_tag","embeddable":true,"href":"https:\/\/sindenfermeiro.com.br\/index.php\/wp-json\/wp\/v2\/tags?post=40125"}],"curies":[{"name":"wp","href":"https:\/\/api.w.org\/{rel}","templated":true}]}}