{"id":40111,"date":"2020-07-08T11:44:17","date_gmt":"2020-07-08T14:44:17","guid":{"rendered":"https:\/\/sindenfermeiro.com.br\/?p=40111"},"modified":"2026-04-26T23:14:04","modified_gmt":"2026-04-27T02:14:04","slug":"sindenfermeiro-encaminha-tac-ao-igesdf","status":"publish","type":"post","link":"https:\/\/sindenfermeiro.com.br\/index.php\/2020\/07\/08\/sindenfermeiro-encaminha-tac-ao-igesdf\/","title":{"rendered":"SindEnfermeiro encaminha TAC ao IGESDF"},"content":{"rendered":"<p><img loading=\"lazy\" decoding=\"async\" class=\"size-medium wp-image-40112 aligncenter\" src=\"https:\/\/sindenfermeiro.com.br\/wp-content\/uploads\/2020\/07\/20200326104747147068i-300x199.jpg\" alt=\"\" width=\"300\" height=\"199\" srcset=\"https:\/\/sindenfermeiro.com.br\/wp-content\/uploads\/2020\/07\/20200326104747147068i-300x199.jpg 300w, https:\/\/sindenfermeiro.com.br\/wp-content\/uploads\/2020\/07\/20200326104747147068i-768x510.jpg 768w, https:\/\/sindenfermeiro.com.br\/wp-content\/uploads\/2020\/07\/20200326104747147068i.jpg 800w\" sizes=\"auto, (max-width: 300px) 100vw, 300px\" \/><\/p>\n<p style=\"text-align: center\"><span style=\"font-size: 8pt\">Foto: Minervino Junior\/CB\/D.A Press<\/span><\/p>\n<p style=\"text-align: justify\">O Sindicato dos Enfermeiros do Distrito Federal (SindEnfermeiro-DF) encaminhou no in\u00edcio da semana um Termo de Ajustamento de Conduta (TAC) para o Instituto de Gest\u00e3o Estrat\u00e9gica de Sa\u00fade do Distrito Federal (IGESDF) com sugest\u00f5es para melhoria no atendimento ao pacientes e aos trabalhadores que est\u00e3o na linha de frente contra a Covid-19.<\/p>\n<p style=\"text-align: justify\">A ideia da cria\u00e7\u00e3o do TAC surgiu e foi apresentada na \u00faltima reuni\u00e3o entre SindEnfermeiro e o presidente do IGESDF, a gerente-geral de recursos humanos e superintendentes de todo o Instituto.<\/p>\n<p style=\"text-align: justify\">O documento foi elaborado em conjunto com o Conselho Regional de Enfermagem (COREN-DF), e enviado ap\u00f3s in\u00fameras den\u00fancias feitas por profissionais do instituto. O TAC encaminhado pelo SindEnfermeiro n\u00e3o tem a obrigatoriedade de cumprimento como um TAC enviado pelo Minist\u00e9rio P\u00fablico, no entanto, ele serve como sugest\u00e3o \u00e0 entidade, indo de encontro com a postura propositiva que o sindicato toma.<\/p>\n<p style=\"text-align: justify\">Os ajustes solicitados pelo documento est\u00e3o divididos em pondera\u00e7\u00f5es que dizem respeito a todas as unidades geridas pelo IGESDF, as Unidades de Ponto Atendimento (UPAs), ao Hospital de Base e ao Hospital Regional de Santa Maria.<\/p>\n<p style=\"text-align: justify\">Entre as sugest\u00f5es est\u00e3o estabelecer fluxo de atendimento aos pacientes sintom\u00e1ticos respirat\u00f3rios nas unidades de pronto atendimento, buscar a abertura de uma enfermaria no Hospital de Base em um \u00fanico andar para interna\u00e7\u00e3o transit\u00f3ria de pacientes est\u00e1veis com diagn\u00f3stico de Covid-19.<\/p>\n<p style=\"text-align: justify\">O documento tamb\u00e9m pede que o IGESDF fiscalize e garanta alimenta\u00e7\u00e3o de qualidade aos trabalhadores, que a enfermagem participe, tenha autonomia e direito de assento e voz no Conselho Gestor e comiss\u00f5es decisivas (como comiss\u00f5es para enfrentamento da Covid-19.<\/p>\n<p style=\"text-align: justify\">Al\u00e9m de garantir o fornecimento de equipamentos de prote\u00e7\u00e3o individual (EPI) aos profissionais de enfermagem, Utilizar como refer\u00eancia para dimensionamento de enfermagem na assist\u00eancia ao paciente com Covid-19 no contexto da pandemia o parecer normativo 2\/2020 do Conselho Federal de Enfermagem (COFEN).<\/p>\n<p style=\"text-align: justify\"><a href=\"https:\/\/sindenfermeiro.com.br\/wp-content\/uploads\/2020\/07\/Proposta-de-Termo-de-Conduta-IGESDF.pdf\">Confira aqui o TAC completo e todas as sugest\u00f5es que ele traz.<\/a><\/p>\n","protected":false},"excerpt":{"rendered":"<p>Foto: Minervino Junior\/CB\/D.A Press O Sindicato dos Enfermeiros do Distrito Federal (SindEnfermeiro-DF) encaminhou no in\u00edcio da semana um Termo de Ajustamento de Conduta (TAC) para o Instituto de Gest\u00e3o Estrat\u00e9gica de Sa\u00fade do Distrito Federal (IGESDF) com sugest\u00f5es para melhoria no atendimento ao pacientes e aos trabalhadores que est\u00e3o na linha de frente contra a [&hellip;]<\/p>\n","protected":false},"author":6,"featured_media":40112,"comment_status":"open","ping_status":"open","sticky":false,"template":"","format":"standard","meta":{"footnotes":""},"categories":[6,13,5],"tags":[284,140,484,7,311,93,313,21],"class_list":["post-40111","post","type-post","status-publish","format-standard","has-post-thumbnail","hentry","category-noticias","category-rede-privada","category-rede-publica","tag-cofen","tag-coren","tag-covid","tag-enfermagem","tag-hbdf","tag-hrsm","tag-igesdf","tag-sindenfermeiro"],"_links":{"self":[{"href":"https:\/\/sindenfermeiro.com.br\/index.php\/wp-json\/wp\/v2\/posts\/40111","targetHints":{"allow":["GET"]}}],"collection":[{"href":"https:\/\/sindenfermeiro.com.br\/index.php\/wp-json\/wp\/v2\/posts"}],"about":[{"href":"https:\/\/sindenfermeiro.com.br\/index.php\/wp-json\/wp\/v2\/types\/post"}],"author":[{"embeddable":true,"href":"https:\/\/sindenfermeiro.com.br\/index.php\/wp-json\/wp\/v2\/users\/6"}],"replies":[{"embeddable":true,"href":"https:\/\/sindenfermeiro.com.br\/index.php\/wp-json\/wp\/v2\/comments?post=40111"}],"version-history":[{"count":6,"href":"https:\/\/sindenfermeiro.com.br\/index.php\/wp-json\/wp\/v2\/posts\/40111\/revisions"}],"predecessor-version":[{"id":40120,"href":"https:\/\/sindenfermeiro.com.br\/index.php\/wp-json\/wp\/v2\/posts\/40111\/revisions\/40120"}],"wp:featuredmedia":[{"embeddable":true,"href":"https:\/\/sindenfermeiro.com.br\/index.php\/wp-json\/wp\/v2\/media\/40112"}],"wp:attachment":[{"href":"https:\/\/sindenfermeiro.com.br\/index.php\/wp-json\/wp\/v2\/media?parent=40111"}],"wp:term":[{"taxonomy":"category","embeddable":true,"href":"https:\/\/sindenfermeiro.com.br\/index.php\/wp-json\/wp\/v2\/categories?post=40111"},{"taxonomy":"post_tag","embeddable":true,"href":"https:\/\/sindenfermeiro.com.br\/index.php\/wp-json\/wp\/v2\/tags?post=40111"}],"curies":[{"name":"wp","href":"https:\/\/api.w.org\/{rel}","templated":true}]}}