{"id":40095,"date":"2020-07-06T10:34:24","date_gmt":"2020-07-06T13:34:24","guid":{"rendered":"https:\/\/sindenfermeiro.com.br\/?p=40095"},"modified":"2026-04-26T23:15:04","modified_gmt":"2026-04-27T02:15:04","slug":"sindenfermeiro-faz-denuncia-no-mpt-sobre-qualidade-da-alimentacao-no-hrsm","status":"publish","type":"post","link":"https:\/\/sindenfermeiro.com.br\/index.php\/2020\/07\/06\/sindenfermeiro-faz-denuncia-no-mpt-sobre-qualidade-da-alimentacao-no-hrsm\/","title":{"rendered":"SindEnfermeiro faz den\u00fancia no MPT sobre qualidade da alimenta\u00e7\u00e3o no HRSM"},"content":{"rendered":"<p><img loading=\"lazy\" decoding=\"async\" class=\"size-medium wp-image-40096 aligncenter\" src=\"https:\/\/sindenfermeiro.com.br\/wp-content\/uploads\/2020\/07\/WhatsApp-Image-2020-04-28-at-16.50.25-300x200.jpeg\" alt=\"\" width=\"300\" height=\"200\" srcset=\"https:\/\/sindenfermeiro.com.br\/wp-content\/uploads\/2020\/07\/WhatsApp-Image-2020-04-28-at-16.50.25-300x200.jpeg 300w, https:\/\/sindenfermeiro.com.br\/wp-content\/uploads\/2020\/07\/WhatsApp-Image-2020-04-28-at-16.50.25-1024x682.jpeg 1024w, https:\/\/sindenfermeiro.com.br\/wp-content\/uploads\/2020\/07\/WhatsApp-Image-2020-04-28-at-16.50.25-768x512.jpeg 768w, https:\/\/sindenfermeiro.com.br\/wp-content\/uploads\/2020\/07\/WhatsApp-Image-2020-04-28-at-16.50.25.jpeg 1280w\" sizes=\"auto, (max-width: 300px) 100vw, 300px\" \/><\/p>\n<p style=\"text-align: center\"><span style=\"font-size: 8pt\">Foto: Davidyson Damasceno\/Jornal de Bras\u00edlia<\/span><\/p>\n<p style=\"text-align: justify\">O Sindicato dos Enfermeiros do Distrito Federal (SindEnfermeiro-DF) protocolou na \u00faltima sexta-feira (03), uma den\u00fancia sobre a qualidade da alimenta\u00e7\u00e3o fornecida pelo Instituto de Gest\u00e3o Estrat\u00e9gica de Sa\u00fade do DF (IGESDF) aos trabalhadores e pacientes do Hospital Regional de Santa Maria (HRSM).<\/p>\n<p style=\"text-align: justify\">O SindEnfermeiro e a A\u00e7\u00e3o Conjunta contra a Covid estiveram no in\u00edcio de junho no hospital e constataram diversas irregularidades e receberam muitas reclama\u00e7\u00f5es, entre as queixas estava a qualidade da comida fornecida pela empresa que o IGESDF contratou. Comida fria, azeda e p\u00e3o embolorado foram algumas das situa\u00e7\u00f5es relatadas por profissionais e pacientes.<\/p>\n<p>De acordo com a presidente do SindEnfermeiro, Dayse Amar\u00edlio, a a\u00e7\u00e3o foi tomada ap\u00f3s diversas tratativas com o IGESDF. &#8221; O Instituto informou que existe um contrato com a empresa que fornece a alimenta\u00e7\u00e3o e que ele n\u00e3o pode ser quebrado a qualquer momento, no entanto, mesmo depois de v\u00e1rias den\u00fancias a situa\u00e7\u00e3o n\u00e3o melhorou, por isso tomamos essa atitude&#8221;, afirmou Dayse.<\/p>\n<p style=\"text-align: justify\">V\u00eddeos em redes sociais que mostravam servidoras encontrando larvas na comida foram noticiados por diversos meios de comunica\u00e7\u00e3o. A qualidade da alimenta\u00e7\u00e3o foi tema de uma mat\u00e9ria no DFTV 2\u00aa edi\u00e7\u00e3o no in\u00edcio de julho.<\/p>\n<p style=\"text-align: justify\">Ap\u00f3s a den\u00fancia, o IGESDF ser\u00e1 notificado e poder\u00e1 sofrer san\u00e7\u00f5es, chegando at\u00e9 \u00e0 determina\u00e7\u00e3o de rescis\u00e3o do contrato com a empresa que fornece a alimenta\u00e7\u00e3o para o HRSM.<\/p>\n","protected":false},"excerpt":{"rendered":"<p>Foto: Davidyson Damasceno\/Jornal de Bras\u00edlia O Sindicato dos Enfermeiros do Distrito Federal (SindEnfermeiro-DF) protocolou na \u00faltima sexta-feira (03), uma den\u00fancia sobre a qualidade da alimenta\u00e7\u00e3o fornecida pelo Instituto de Gest\u00e3o Estrat\u00e9gica de Sa\u00fade do DF (IGESDF) aos trabalhadores e pacientes do Hospital Regional de Santa Maria (HRSM). O SindEnfermeiro e a A\u00e7\u00e3o Conjunta contra a [&hellip;]<\/p>\n","protected":false},"author":6,"featured_media":40096,"comment_status":"open","ping_status":"open","sticky":false,"template":"","format":"standard","meta":{"footnotes":""},"categories":[6,13,5],"tags":[108,7,120,93,313,21,172],"class_list":["post-40095","post","type-post","status-publish","format-standard","has-post-thumbnail","hentry","category-noticias","category-rede-privada","category-rede-publica","tag-denuncia","tag-enfermagem","tag-gdf","tag-hrsm","tag-igesdf","tag-sindenfermeiro","tag-sindicato-dos-enfermeiros-do-distrito-federal"],"_links":{"self":[{"href":"https:\/\/sindenfermeiro.com.br\/index.php\/wp-json\/wp\/v2\/posts\/40095","targetHints":{"allow":["GET"]}}],"collection":[{"href":"https:\/\/sindenfermeiro.com.br\/index.php\/wp-json\/wp\/v2\/posts"}],"about":[{"href":"https:\/\/sindenfermeiro.com.br\/index.php\/wp-json\/wp\/v2\/types\/post"}],"author":[{"embeddable":true,"href":"https:\/\/sindenfermeiro.com.br\/index.php\/wp-json\/wp\/v2\/users\/6"}],"replies":[{"embeddable":true,"href":"https:\/\/sindenfermeiro.com.br\/index.php\/wp-json\/wp\/v2\/comments?post=40095"}],"version-history":[{"count":9,"href":"https:\/\/sindenfermeiro.com.br\/index.php\/wp-json\/wp\/v2\/posts\/40095\/revisions"}],"predecessor-version":[{"id":40105,"href":"https:\/\/sindenfermeiro.com.br\/index.php\/wp-json\/wp\/v2\/posts\/40095\/revisions\/40105"}],"wp:featuredmedia":[{"embeddable":true,"href":"https:\/\/sindenfermeiro.com.br\/index.php\/wp-json\/wp\/v2\/media\/40096"}],"wp:attachment":[{"href":"https:\/\/sindenfermeiro.com.br\/index.php\/wp-json\/wp\/v2\/media?parent=40095"}],"wp:term":[{"taxonomy":"category","embeddable":true,"href":"https:\/\/sindenfermeiro.com.br\/index.php\/wp-json\/wp\/v2\/categories?post=40095"},{"taxonomy":"post_tag","embeddable":true,"href":"https:\/\/sindenfermeiro.com.br\/index.php\/wp-json\/wp\/v2\/tags?post=40095"}],"curies":[{"name":"wp","href":"https:\/\/api.w.org\/{rel}","templated":true}]}}