{"id":40067,"date":"2020-06-29T16:14:49","date_gmt":"2020-06-29T19:14:49","guid":{"rendered":"https:\/\/sindenfermeiro.com.br\/?p=40067"},"modified":"2026-04-27T07:00:36","modified_gmt":"2026-04-27T10:00:36","slug":"acao-conjunta-covid-19-averigua-condicoes-de-trabalho-no-hrbz","status":"publish","type":"post","link":"https:\/\/sindenfermeiro.com.br\/index.php\/2020\/06\/29\/acao-conjunta-covid-19-averigua-condicoes-de-trabalho-no-hrbz\/","title":{"rendered":"A\u00e7\u00e3o Conjunta Covid-19 averigua condi\u00e7\u00f5es de trabalho no HRBz"},"content":{"rendered":"<p style=\"text-align: justify\">Dando seguimento nas fiscaliza\u00e7\u00f5es, a A\u00e7\u00e3o Conjunta Covid-19 visitou na manh\u00e3 desta segunda-feira (29), o Hospital Regional de Brazl\u00e2ndia (HRBz). O grupo que re\u00fane SindEnfermeiro-DF, COREN, SINDATE, ABEn-DF, OAB-DF, Conselho de Sa\u00fade do DF e a Comiss\u00e3o de Direitos Humanos da C\u00e2mara Legislativa esteve na institui\u00e7\u00e3o para averiguar as condi\u00e7\u00f5es de atendimento da popula\u00e7\u00e3o e dos trabalhadores.<\/p>\n<p style=\"text-align: justify\">Segundo Dayse Amar\u00edlio, presidente do SindEnfermeiro, o grupo ficou extremamente preocupado com a situa\u00e7\u00e3o do HRBz, que assim como os outros hospitais da rede, est\u00e1 demorando muito tempo para se preparar para o atendimento aos pacientes infectados com a Covid.<\/p>\n<p style=\"text-align: justify\">\u201cN\u00f3s estamos em uma fase da pandemia em que os pacientes n\u00e3o conseguem mais ser encaminhados para os hospitais de referencia. Eles est\u00e3o internados nos hospitais que n\u00e3o possuem a m\u00ednima estrutura\u201d, ressalta Dayse.<\/p>\n<p style=\"text-align: justify\">\n<p style=\"text-align: justify\">De acordo com a presidente, o HRBz possui pacientes com o novo coronav\u00edrus em situa\u00e7\u00e3o grave e entubados, al\u00e9m uma dificuldade local que atrapalha na ger\u00eancia t\u00e9cnica dos fluxos. \u201cPor conta da mudan\u00e7a de gest\u00e3o local \u2013 dire\u00e7\u00e3o e ger\u00eancia de enfermagem \u2013 que n\u00e3o tem profissionais que s\u00e3o do quadro da Secretaria e aparentemente demonstraram uma dificuldade na adapta\u00e7\u00e3o r\u00e1pida dos fluxos de atendimento\u201d, pontua Dayse.<\/p>\n<p style=\"text-align: justify\">Outro ponto observado na visita foi o d\u00e9ficit de servidores no hospital. O alto n\u00famero de profissionais afastados por estarem infectados faz com que a equipe que est\u00e1 atendendo pacientes suspeitos de Covid, trabalhe em outros setores com pacientes que n\u00e3o t\u00eam o v\u00edrus. Essa situa\u00e7\u00e3o gera um risco alt\u00edssimo de infec\u00e7\u00e3o cruzada entre os pacientes e os pr\u00f3prios servidores.<\/p>\n<p style=\"text-align: justify\">A\u00e7\u00e3o Conjunta far\u00e1 um relat\u00f3rio detalhando a situa\u00e7\u00e3o encontrada e apontando v\u00e1rias recomenda\u00e7\u00f5es para a institui\u00e7\u00e3o.<\/p>\n","protected":false},"excerpt":{"rendered":"<p>Dando seguimento nas fiscaliza\u00e7\u00f5es, a A\u00e7\u00e3o Conjunta Covid-19 visitou na manh\u00e3 desta segunda-feira (29), o Hospital Regional de Brazl\u00e2ndia (HRBz). O grupo que re\u00fane SindEnfermeiro-DF, COREN, SINDATE, ABEn-DF, OAB-DF, Conselho de Sa\u00fade do DF e a Comiss\u00e3o de Direitos Humanos da C\u00e2mara Legislativa esteve na institui\u00e7\u00e3o para averiguar as condi\u00e7\u00f5es de atendimento da popula\u00e7\u00e3o e [&hellip;]<\/p>\n","protected":false},"author":6,"featured_media":40068,"comment_status":"open","ping_status":"open","sticky":false,"template":"","format":"standard","meta":{"footnotes":""},"categories":[6,5],"tags":[497,454,222,7,99,109,256],"class_list":["post-40067","post","type-post","status-publish","format-standard","has-post-thumbnail","hentry","category-noticias","category-rede-publica","tag-acao-conjunta-covid-19","tag-covid-19","tag-dayse-amarilio","tag-enfermagem","tag-enfermagem-df","tag-fiscaliza-sindenfermeiro","tag-hrbz"],"_links":{"self":[{"href":"https:\/\/sindenfermeiro.com.br\/index.php\/wp-json\/wp\/v2\/posts\/40067","targetHints":{"allow":["GET"]}}],"collection":[{"href":"https:\/\/sindenfermeiro.com.br\/index.php\/wp-json\/wp\/v2\/posts"}],"about":[{"href":"https:\/\/sindenfermeiro.com.br\/index.php\/wp-json\/wp\/v2\/types\/post"}],"author":[{"embeddable":true,"href":"https:\/\/sindenfermeiro.com.br\/index.php\/wp-json\/wp\/v2\/users\/6"}],"replies":[{"embeddable":true,"href":"https:\/\/sindenfermeiro.com.br\/index.php\/wp-json\/wp\/v2\/comments?post=40067"}],"version-history":[{"count":2,"href":"https:\/\/sindenfermeiro.com.br\/index.php\/wp-json\/wp\/v2\/posts\/40067\/revisions"}],"predecessor-version":[{"id":40070,"href":"https:\/\/sindenfermeiro.com.br\/index.php\/wp-json\/wp\/v2\/posts\/40067\/revisions\/40070"}],"wp:featuredmedia":[{"embeddable":true,"href":"https:\/\/sindenfermeiro.com.br\/index.php\/wp-json\/wp\/v2\/media\/40068"}],"wp:attachment":[{"href":"https:\/\/sindenfermeiro.com.br\/index.php\/wp-json\/wp\/v2\/media?parent=40067"}],"wp:term":[{"taxonomy":"category","embeddable":true,"href":"https:\/\/sindenfermeiro.com.br\/index.php\/wp-json\/wp\/v2\/categories?post=40067"},{"taxonomy":"post_tag","embeddable":true,"href":"https:\/\/sindenfermeiro.com.br\/index.php\/wp-json\/wp\/v2\/tags?post=40067"}],"curies":[{"name":"wp","href":"https:\/\/api.w.org\/{rel}","templated":true}]}}