{"id":40059,"date":"2020-06-29T12:00:17","date_gmt":"2020-06-29T15:00:17","guid":{"rendered":"https:\/\/sindenfermeiro.com.br\/?p=40059"},"modified":"2026-04-27T07:03:15","modified_gmt":"2026-04-27T10:03:15","slug":"acao-conjunta-covid-19-visita-ubs-lucio-costa-para-averiguar-condicoes-de-trabalho","status":"publish","type":"post","link":"https:\/\/sindenfermeiro.com.br\/index.php\/2020\/06\/29\/acao-conjunta-covid-19-visita-ubs-lucio-costa-para-averiguar-condicoes-de-trabalho\/","title":{"rendered":"A\u00e7\u00e3o Conjunta Covid-19 visita UBS L\u00facio Costa para averiguar condi\u00e7\u00f5es de trabalho"},"content":{"rendered":"<p><img loading=\"lazy\" decoding=\"async\" class=\"wp-image-40061 aligncenter\" src=\"https:\/\/sindenfermeiro.com.br\/wp-content\/uploads\/2020\/06\/WhatsApp-Image-2020-06-29-at-11.13.52.jpeg\" alt=\"\" width=\"678\" height=\"510\" srcset=\"https:\/\/sindenfermeiro.com.br\/wp-content\/uploads\/2020\/06\/WhatsApp-Image-2020-06-29-at-11.13.52.jpeg 1024w, https:\/\/sindenfermeiro.com.br\/wp-content\/uploads\/2020\/06\/WhatsApp-Image-2020-06-29-at-11.13.52-300x226.jpeg 300w, https:\/\/sindenfermeiro.com.br\/wp-content\/uploads\/2020\/06\/WhatsApp-Image-2020-06-29-at-11.13.52-768x578.jpeg 768w\" sizes=\"auto, (max-width: 678px) 100vw, 678px\" \/><\/p>\n<p>Na manh\u00e3 da \u00faltima sexta (26), a Unidade B\u00e1sica de Sa\u00fade (UBS) L\u00facio Costa, no Guar\u00e1, recebeu a visita da A\u00e7\u00e3o Conjunta Covid-19 \u2013 iniciativa que re\u00fane SindEnfermeiro-DF, COREN, ABEn-DF, OAB-DF, Conselho de Sa\u00fade do DF e a Comiss\u00e3o de Direitos Humanos da C\u00e2mara Legislativa.<\/p>\n<p>O grupo esteve na unidade para acompanhar a rotina dos trabalhadores, equipamentos de prote\u00e7\u00e3o individual, o fluxo de atendimento e a retaguarda dos servi\u00e7os, assim como a seguran\u00e7a dos profissionais e a coleta dos exames feitos pelos pacientes com suspeita de Covid-19.<\/p>\n<p>A ida da A\u00e7\u00e3o Conjunta foi motivada por den\u00fancias recebidas a respeito do \u00edndice alarmante de servidores contaminados pelo coronav\u00edrus &#8211; problema esse que foi confirmado durante a visita. Atualmente, 90% dos enfermeiros da unidade est\u00e3o afastados em decorr\u00eancia do v\u00edrus, e apenas um enfermeiro est\u00e1 realizando atendimentos, sendo que o mesmo tamb\u00e9m est\u00e1 apresentando sintomas da Covid-19.<\/p>\n<p>Apesar dos fluxos de atendimento terem sido adotados conforme as diretrizes, existem apenas duas equipes respons\u00e1veis por uma grande \u00e1rea de atendimento, que inclui al\u00e9m da UBS, as \u00e1reas prisionais.<\/p>\n<p>Segundo a presidente do SindEnfermeiro, Dayse Amar\u00edlio, a situa\u00e7\u00e3o pode ter gerado uma contamina\u00e7\u00e3o cruzada entre os membros das equipes, visto que &#8220;a unidade possui apenas dois enfermeiros e dois m\u00e9dicos, o que dificulta a atua\u00e7\u00e3o de uma \u00fanica equipe para realizar exclusivamente o atendimento dos pacientes contaminados&#8221;.<\/p>\n<p>Outro fator apontado que pode ter levado \u00e0 esse quadro \u00e9 que a unidade faz parte da mesma \u00e1rea de atendimento do sistema prisional, considerando o baixo n\u00famero de equipes e o desdobramento dos servidores para atender toda a regi\u00e3o.<\/p>\n<p>O SindEnfermeiro-DF entrou em contato com a Diretoria de Aten\u00e7\u00e3o Prim\u00e1ria em Sa\u00fade (DIRAPS) da regi\u00e3o Centro-Sul, onde se localiza a unidade, solicitando o remanejamento de profissionais para repor as baixas da unidades. Al\u00e9m disso, ser\u00e1 encaminhado para a Coordena\u00e7\u00e3o de Aten\u00e7\u00e3o Prim\u00e1ria em Sa\u00fade (COAPS) um pedido para que seja revista a \u00e1rea de abrang\u00eancia da unidade.<\/p>\n","protected":false},"excerpt":{"rendered":"<p>Na manh\u00e3 da \u00faltima sexta (26), a Unidade B\u00e1sica de Sa\u00fade (UBS) L\u00facio Costa, no Guar\u00e1, recebeu a visita da A\u00e7\u00e3o Conjunta Covid-19 \u2013 iniciativa que re\u00fane SindEnfermeiro-DF, COREN, ABEn-DF, OAB-DF, Conselho de Sa\u00fade do DF e a Comiss\u00e3o de Direitos Humanos da C\u00e2mara Legislativa. O grupo esteve na unidade para acompanhar a rotina dos [&hellip;]<\/p>\n","protected":false},"author":6,"featured_media":40061,"comment_status":"open","ping_status":"open","sticky":false,"template":"","format":"standard","meta":{"footnotes":""},"categories":[6,5,1],"tags":[497,21,56],"class_list":["post-40059","post","type-post","status-publish","format-standard","has-post-thumbnail","hentry","category-noticias","category-rede-publica","category-sem-categoria","tag-acao-conjunta-covid-19","tag-sindenfermeiro","tag-sindicato"],"_links":{"self":[{"href":"https:\/\/sindenfermeiro.com.br\/index.php\/wp-json\/wp\/v2\/posts\/40059","targetHints":{"allow":["GET"]}}],"collection":[{"href":"https:\/\/sindenfermeiro.com.br\/index.php\/wp-json\/wp\/v2\/posts"}],"about":[{"href":"https:\/\/sindenfermeiro.com.br\/index.php\/wp-json\/wp\/v2\/types\/post"}],"author":[{"embeddable":true,"href":"https:\/\/sindenfermeiro.com.br\/index.php\/wp-json\/wp\/v2\/users\/6"}],"replies":[{"embeddable":true,"href":"https:\/\/sindenfermeiro.com.br\/index.php\/wp-json\/wp\/v2\/comments?post=40059"}],"version-history":[{"count":1,"href":"https:\/\/sindenfermeiro.com.br\/index.php\/wp-json\/wp\/v2\/posts\/40059\/revisions"}],"predecessor-version":[{"id":40062,"href":"https:\/\/sindenfermeiro.com.br\/index.php\/wp-json\/wp\/v2\/posts\/40059\/revisions\/40062"}],"wp:featuredmedia":[{"embeddable":true,"href":"https:\/\/sindenfermeiro.com.br\/index.php\/wp-json\/wp\/v2\/media\/40061"}],"wp:attachment":[{"href":"https:\/\/sindenfermeiro.com.br\/index.php\/wp-json\/wp\/v2\/media?parent=40059"}],"wp:term":[{"taxonomy":"category","embeddable":true,"href":"https:\/\/sindenfermeiro.com.br\/index.php\/wp-json\/wp\/v2\/categories?post=40059"},{"taxonomy":"post_tag","embeddable":true,"href":"https:\/\/sindenfermeiro.com.br\/index.php\/wp-json\/wp\/v2\/tags?post=40059"}],"curies":[{"name":"wp","href":"https:\/\/api.w.org\/{rel}","templated":true}]}}