{"id":40051,"date":"2020-06-26T17:38:16","date_gmt":"2020-06-26T20:38:16","guid":{"rendered":"https:\/\/sindenfermeiro.com.br\/?p=40051"},"modified":"2026-04-27T07:01:52","modified_gmt":"2026-04-27T10:01:52","slug":"acao-conjunta-covid-19-vai-ate-o-parque-de-apoio-da-ses-averiguar-situacao-de-insumos","status":"publish","type":"post","link":"https:\/\/sindenfermeiro.com.br\/index.php\/2020\/06\/26\/acao-conjunta-covid-19-vai-ate-o-parque-de-apoio-da-ses-averiguar-situacao-de-insumos\/","title":{"rendered":"A\u00e7\u00e3o Conjunta Covid-19 vai at\u00e9 o Parque de Apoio da SES averiguar situa\u00e7\u00e3o de insumos"},"content":{"rendered":"<p style=\"text-align: justify\">A A\u00e7\u00e3o Conjunta Covid-19 esteve na tarde desta sexta (26), no Parque de Apoio da Secretaria de Sa\u00fade. O grupo foi at\u00e9 o local averiguar o quantitativo de Equipamentos de Prote\u00e7\u00e3o Individual (EPIs), medicamentos e outros insumos utilizados no combate ao novo coronav\u00edrus.<\/p>\n<p style=\"text-align: justify\">Recebidos pela diretora da Subsecretaria de Log\u00edstica em Sa\u00fade (SULOG), o grupo percebeu que o estoque de EPIs est\u00e1 dentro na normalidade, apenas os estoque de aventais est\u00e1 em n\u00edvel cr\u00edtico. Algumas m\u00e1scaras do tipo N95 foram tiradas de uso por n\u00e3o terem sido aprovadas em testes, no entanto, de acordo com a diretora da SULOG, grupos ligados ao Ita\u00fa fizeram a doa\u00e7\u00e3o de cerca de 100 mil m\u00e1scaras N95 \u00e0 SES.<\/p>\n<p style=\"text-align: justify\">O ponto que causou preocupa\u00e7\u00e3o ao grupo foi a falta de medicamentos extremamente necess\u00e1rios na intuba\u00e7\u00e3o de pacientes contaminados por Covid. De acordo com Dayse Amar\u00edlio, presidente do SindEnfermeiro e membro da A\u00e7\u00e3o Conjunta, falta principalmente relaxantes musculares.<\/p>\n<p style=\"text-align: justify\">\u201cEsses medicamentos s\u00e3o utilizados para manter o paciente sedado, mas est\u00e3o em n\u00edveis cr\u00edticos e alguns zerados, al\u00e9m disso, algumas drogas vasoativas est\u00e3o na mesma situa\u00e7\u00e3o, ou em n\u00edveis cr\u00edticos ou zerados\u201d, relata Dayse.<\/p>\n<p style=\"text-align: justify\">Segundo Dayse, o setor est\u00e1 fazendo a redistribui\u00e7\u00e3o de alguns medicamentos entre os hospitais da rede. \u201cA diretora da SULOG relatou que os medicamentos est\u00e3o em processo de compra regular e emergencial, mas ela n\u00e3o pode garantir que haver\u00e1 exito na compra de todos os itens, principalmente pela alta demanda no mercado, por isso, ela n\u00e3o nos deu prazo\u201d, finaliza Dayse.<\/p>\n","protected":false},"excerpt":{"rendered":"<p>A A\u00e7\u00e3o Conjunta Covid-19 esteve na tarde desta sexta (26), no Parque de Apoio da Secretaria de Sa\u00fade. O grupo foi at\u00e9 o local averiguar o quantitativo de Equipamentos de Prote\u00e7\u00e3o Individual (EPIs), medicamentos e outros insumos utilizados no combate ao novo coronav\u00edrus. Recebidos pela diretora da Subsecretaria de Log\u00edstica em Sa\u00fade (SULOG), o grupo [&hellip;]<\/p>\n","protected":false},"author":6,"featured_media":40052,"comment_status":"open","ping_status":"open","sticky":false,"template":"","format":"standard","meta":{"footnotes":""},"categories":[6,5],"tags":[497,454,222,7,567,236,418],"class_list":["post-40051","post","type-post","status-publish","format-standard","has-post-thumbnail","hentry","category-noticias","category-rede-publica","tag-acao-conjunta-covid-19","tag-covid-19","tag-dayse-amarilio","tag-enfermagem","tag-fiscalizacao","tag-ses","tag-ses_df"],"_links":{"self":[{"href":"https:\/\/sindenfermeiro.com.br\/index.php\/wp-json\/wp\/v2\/posts\/40051","targetHints":{"allow":["GET"]}}],"collection":[{"href":"https:\/\/sindenfermeiro.com.br\/index.php\/wp-json\/wp\/v2\/posts"}],"about":[{"href":"https:\/\/sindenfermeiro.com.br\/index.php\/wp-json\/wp\/v2\/types\/post"}],"author":[{"embeddable":true,"href":"https:\/\/sindenfermeiro.com.br\/index.php\/wp-json\/wp\/v2\/users\/6"}],"replies":[{"embeddable":true,"href":"https:\/\/sindenfermeiro.com.br\/index.php\/wp-json\/wp\/v2\/comments?post=40051"}],"version-history":[{"count":5,"href":"https:\/\/sindenfermeiro.com.br\/index.php\/wp-json\/wp\/v2\/posts\/40051\/revisions"}],"predecessor-version":[{"id":40057,"href":"https:\/\/sindenfermeiro.com.br\/index.php\/wp-json\/wp\/v2\/posts\/40051\/revisions\/40057"}],"wp:featuredmedia":[{"embeddable":true,"href":"https:\/\/sindenfermeiro.com.br\/index.php\/wp-json\/wp\/v2\/media\/40052"}],"wp:attachment":[{"href":"https:\/\/sindenfermeiro.com.br\/index.php\/wp-json\/wp\/v2\/media?parent=40051"}],"wp:term":[{"taxonomy":"category","embeddable":true,"href":"https:\/\/sindenfermeiro.com.br\/index.php\/wp-json\/wp\/v2\/categories?post=40051"},{"taxonomy":"post_tag","embeddable":true,"href":"https:\/\/sindenfermeiro.com.br\/index.php\/wp-json\/wp\/v2\/tags?post=40051"}],"curies":[{"name":"wp","href":"https:\/\/api.w.org\/{rel}","templated":true}]}}