{"id":40031,"date":"2020-06-24T14:25:36","date_gmt":"2020-06-24T17:25:36","guid":{"rendered":"https:\/\/sindenfermeiro.com.br\/?p=40031"},"modified":"2026-04-27T07:01:58","modified_gmt":"2026-04-27T10:01:58","slug":"acao-conjunta-covid-19-visita-hrgu-para-averiguar-condicoes-da-unidade","status":"publish","type":"post","link":"https:\/\/sindenfermeiro.com.br\/index.php\/2020\/06\/24\/acao-conjunta-covid-19-visita-hrgu-para-averiguar-condicoes-da-unidade\/","title":{"rendered":"A\u00e7\u00e3o Conjunta Covid-19 visita HRGu para averiguar condi\u00e7\u00f5es da unidade"},"content":{"rendered":"<p><img loading=\"lazy\" decoding=\"async\" class=\"aligncenter wp-image-40032 \" src=\"https:\/\/sindenfermeiro.com.br\/wp-content\/uploads\/2020\/06\/WhatsApp-Image-2020-06-24-at-12.43.03-1024x770.jpeg\" alt=\"\" width=\"635\" height=\"478\" srcset=\"https:\/\/sindenfermeiro.com.br\/wp-content\/uploads\/2020\/06\/WhatsApp-Image-2020-06-24-at-12.43.03-1024x770.jpeg 1024w, https:\/\/sindenfermeiro.com.br\/wp-content\/uploads\/2020\/06\/WhatsApp-Image-2020-06-24-at-12.43.03-300x225.jpeg 300w, https:\/\/sindenfermeiro.com.br\/wp-content\/uploads\/2020\/06\/WhatsApp-Image-2020-06-24-at-12.43.03-768x577.jpeg 768w, https:\/\/sindenfermeiro.com.br\/wp-content\/uploads\/2020\/06\/WhatsApp-Image-2020-06-24-at-12.43.03.jpeg 1280w\" sizes=\"auto, (max-width: 635px) 100vw, 635px\" \/><\/p>\n<p>Na manh\u00e3 de hoje (24), o Hospital Regional do Guar\u00e1 (HRGu) recebeu a visita da A\u00e7\u00e3o Conjunta Covid-19 \u2013 iniciativa que re\u00fane SindEnfermeiro-DF, COREN, ABEn-DF, OAB-DF, Conselho de Sa\u00fade do DF e a Comiss\u00e3o de Direitos Humanos da C\u00e2mara Legislativa.<\/p>\n<p>O grupo esteve na unidade para acompanhar a rotina dos trabalhadores, equipamentos de prote\u00e7\u00e3o individual, o fluxo de atendimento e a retaguarda dos servi\u00e7os, assim como a seguran\u00e7a dos profissionais e a coleta dos exames feitos pelos pacientes com suspeita de Covid-19.<\/p>\n<p>O alto n\u00famero de servidores estatu\u00e1rios e terceirizados infectados na unidade t\u00eam gerado grande preocupa\u00e7\u00e3o &#8211; somados, os casos de coronav\u00edrus j\u00e1 ultrapassam 90 entre os trabalhadores do hospital. A situa\u00e7\u00e3o se torna ainda mais grave se considerado o reduzido espa\u00e7o f\u00edsico na unidade, al\u00e9m da falta de suporte para a oferta das especializa\u00e7\u00f5es.<\/p>\n<p>Tamb\u00e9m foi apurado que a dire\u00e7\u00e3o do HRGu vem realizando altera\u00e7\u00f5es e adapta\u00e7\u00f5es nos protocolos para a triagem e classifica\u00e7\u00e3o de risco &#8211; que ainda n\u00e3o dispunha de um local espec\u00edfico. Agora, a realiza\u00e7\u00e3o da classifica\u00e7\u00e3o de risco est\u00e1 sendo feita no espa\u00e7o destinado \u00e0 interna\u00e7\u00e3o pedi\u00e1trica &#8211; que foi redirecionada para o Hospital Materno Infantil de Bras\u00edlia (HMIB), e mant\u00e9m no HRGu apenas as alas destinadas ao pronto socorro pedi\u00e1trico.<\/p>\n<p>No entanto, as medidas ainda est\u00e3o em fase de implementa\u00e7\u00e3o, sendo que durante a visita foi observado que os ambientes ainda n\u00e3o foram completamente adaptados, e os pacientes suspeitos ainda est\u00e3o adentrando a unidade pelo mesmo acesso que os pacientes que n\u00e3o est\u00e3o infectados.<\/p>\n<p>Alguns dos pontos positivos destacados na visita s\u00e3o a correta sinaliza\u00e7\u00e3o dos ambientes do hospital, al\u00e9m do uso de ferramentas como o QRCode para acesso ao fluxograma de atendimento na unidade. Para a presidente do SindEnfermeiro, Dayse Amar\u00edlio, apesar das provid\u00eancias, existe uma grande preocupa\u00e7\u00e3o, pois as medidas tem sido adotadas tardiamente nos hospitais e unidades de sa\u00fade.<\/p>\n<p>&#8220;Desde o in\u00edcio da pandemia, vem sendo colocado que os hospitais da rede precisariam de suporte para que os pacientes pudessem ficar o m\u00ednimo de tempo poss\u00edvel nas unidades. A ado\u00e7\u00e3o tardia dessas medidas coloca em risco n\u00e3o s\u00f3 os pacientes, como todos os servidores que est\u00e3o trabalhando na assist\u00eancia&#8221;, pontuou.<\/p>\n<p>Dayse ressalta, ainda, que \u00e9 importante que o Hospital de Campanha do Man\u00e9 Garrincha passe a ser utilizado em sua capacidade m\u00e1xima pois, segundo ela, &#8220;os hospitais que n\u00e3o possuem condi\u00e7\u00f5es para manter pacientes por muito tempo precisam funcionar como retaguarda para o Hospital de Campanha, pois agora todos os leitos est\u00e3o regulados, e por vezes pacientes precisam esperar at\u00e9 dois dias para serem transferidos&#8221;.<\/p>\n<p>Ap\u00f3s essa visita, ser\u00e1 elaborado um relat\u00f3rio com toda a situa\u00e7\u00e3o encontrada na unidade. As den\u00fancias ser\u00e3o encaminhadas para o Minist\u00e9rio P\u00fablico do Trabalho, e as institui\u00e7\u00f5es cobrar\u00e3o do IGESDF a resolu\u00e7\u00e3o dos problemas o mais r\u00e1pido poss\u00edvel.<\/p>\n","protected":false},"excerpt":{"rendered":"<p>Na manh\u00e3 de hoje (24), o Hospital Regional do Guar\u00e1 (HRGu) recebeu a visita da A\u00e7\u00e3o Conjunta Covid-19 \u2013 iniciativa que re\u00fane SindEnfermeiro-DF, COREN, ABEn-DF, OAB-DF, Conselho de Sa\u00fade do DF e a Comiss\u00e3o de Direitos Humanos da C\u00e2mara Legislativa. O grupo esteve na unidade para acompanhar a rotina dos trabalhadores, equipamentos de prote\u00e7\u00e3o individual, [&hellip;]<\/p>\n","protected":false},"author":6,"featured_media":40032,"comment_status":"open","ping_status":"open","sticky":false,"template":"","format":"standard","meta":{"footnotes":""},"categories":[6,5],"tags":[502,504,424,454,563,510],"class_list":["post-40031","post","type-post","status-publish","format-standard","has-post-thumbnail","hentry","category-noticias","category-rede-publica","tag-acao-conjunta","tag-condicoes-de-trabalho","tag-coronavirus","tag-covid-19","tag-guara","tag-hrgu"],"_links":{"self":[{"href":"https:\/\/sindenfermeiro.com.br\/index.php\/wp-json\/wp\/v2\/posts\/40031","targetHints":{"allow":["GET"]}}],"collection":[{"href":"https:\/\/sindenfermeiro.com.br\/index.php\/wp-json\/wp\/v2\/posts"}],"about":[{"href":"https:\/\/sindenfermeiro.com.br\/index.php\/wp-json\/wp\/v2\/types\/post"}],"author":[{"embeddable":true,"href":"https:\/\/sindenfermeiro.com.br\/index.php\/wp-json\/wp\/v2\/users\/6"}],"replies":[{"embeddable":true,"href":"https:\/\/sindenfermeiro.com.br\/index.php\/wp-json\/wp\/v2\/comments?post=40031"}],"version-history":[{"count":1,"href":"https:\/\/sindenfermeiro.com.br\/index.php\/wp-json\/wp\/v2\/posts\/40031\/revisions"}],"predecessor-version":[{"id":40033,"href":"https:\/\/sindenfermeiro.com.br\/index.php\/wp-json\/wp\/v2\/posts\/40031\/revisions\/40033"}],"wp:featuredmedia":[{"embeddable":true,"href":"https:\/\/sindenfermeiro.com.br\/index.php\/wp-json\/wp\/v2\/media\/40032"}],"wp:attachment":[{"href":"https:\/\/sindenfermeiro.com.br\/index.php\/wp-json\/wp\/v2\/media?parent=40031"}],"wp:term":[{"taxonomy":"category","embeddable":true,"href":"https:\/\/sindenfermeiro.com.br\/index.php\/wp-json\/wp\/v2\/categories?post=40031"},{"taxonomy":"post_tag","embeddable":true,"href":"https:\/\/sindenfermeiro.com.br\/index.php\/wp-json\/wp\/v2\/tags?post=40031"}],"curies":[{"name":"wp","href":"https:\/\/api.w.org\/{rel}","templated":true}]}}