{"id":40028,"date":"2020-06-23T15:25:45","date_gmt":"2020-06-23T18:25:45","guid":{"rendered":"https:\/\/sindenfermeiro.com.br\/?p=40028"},"modified":"2026-04-26T23:17:19","modified_gmt":"2026-04-27T02:17:19","slug":"nota-de-esclarecimento-festa-no-df-descumpre-isolamento-social-e-realiza-testes-para-covid-19-sem-orientacao-adequada","status":"publish","type":"post","link":"https:\/\/sindenfermeiro.com.br\/index.php\/2020\/06\/23\/nota-de-esclarecimento-festa-no-df-descumpre-isolamento-social-e-realiza-testes-para-covid-19-sem-orientacao-adequada\/","title":{"rendered":"NOTA DE ESCLARECIMENTO: Festa no DF descumpre isolamento social e realiza testes para Covid-19 sem orienta\u00e7\u00e3o adequada"},"content":{"rendered":"<p><img loading=\"lazy\" decoding=\"async\" class=\"aligncenter wp-image-40029 \" src=\"https:\/\/sindenfermeiro.com.br\/wp-content\/uploads\/2020\/06\/WhatsApp-Image-2020-06-23-at-14.11.19-1024x696.jpeg\" alt=\"\" width=\"670\" height=\"456\" srcset=\"https:\/\/sindenfermeiro.com.br\/wp-content\/uploads\/2020\/06\/WhatsApp-Image-2020-06-23-at-14.11.19-1024x696.jpeg 1024w, https:\/\/sindenfermeiro.com.br\/wp-content\/uploads\/2020\/06\/WhatsApp-Image-2020-06-23-at-14.11.19-300x204.jpeg 300w, https:\/\/sindenfermeiro.com.br\/wp-content\/uploads\/2020\/06\/WhatsApp-Image-2020-06-23-at-14.11.19-768x522.jpeg 768w, https:\/\/sindenfermeiro.com.br\/wp-content\/uploads\/2020\/06\/WhatsApp-Image-2020-06-23-at-14.11.19.jpeg 1279w\" sizes=\"auto, (max-width: 670px) 100vw, 670px\" \/><\/p>\n<p>&nbsp;<\/p>\n<p>O Sindicato dos Enfermeiros do Distrito Federal (SindEnfermeiro-DF) vem, por meio desta nota, manifestar seu posicionamento frente aos questionamentos recebidos sobre uma festa de anivers\u00e1rio com aglomera\u00e7\u00e3o ocorrida no \u00faltimo dia 19 de junho, e que foi tema de reportagens na imprensa pelo descumprimento das medidas de isolamento social e realiza\u00e7\u00e3o de testes para a Covid-19 na porta do evento.<\/p>\n<p>\u00c9 importante ressaltar que o sindicato repudia a realiza\u00e7\u00e3o de um evento de grande porte como este durante a pandemia, visto que o isolamento social \u00e9 a melhor forma de preven\u00e7\u00e3o contra o v\u00edrus. Al\u00e9m disso, o n\u00famero crescente de casos no DF, e a alta ocupa\u00e7\u00e3o dos leitos de UTI s\u00e3o fatores que deveriam ter sido levados em considera\u00e7\u00e3o pelos organizadores do evento \u2013 que arriscaram dezenas de vidas com uma atitude no m\u00ednimo irrespons\u00e1vel.<\/p>\n<p>Em v\u00eddeos publicados nas redes sociais, \u00e9 poss\u00edvel ver que duas pessoas realizam os testes nos convidados, utilizando equipamentos de prote\u00e7\u00e3o individual. No entanto, apesar das apura\u00e7\u00f5es realizadas, n\u00e3o foi comprovado e nem existem ind\u00edcios concretos de que a coleta do material biol\u00f3gico tenha sido feito por profissionais de enfermagem.<\/p>\n<p>Outro ponto que gerou grande preocupa\u00e7\u00e3o \u00e9 que a oferta de testes no DF, inclusive para os profissionais de sa\u00fade, \u00e9 insuficiente. E, mesmo com uma lei determinando a testagem obrigat\u00f3ria, os trabalhadores est\u00e3o tendo o acesso dificultado e at\u00e9 negado aos reagentes. Foi observado, tamb\u00e9m, que o teste era do tipo sorol\u00f3gico \u2013 que faz a an\u00e1lise a partir do n\u00famero de anticorpos presentes no organismo. Esse tipo de teste n\u00e3o tem efic\u00e1cia total, pois est\u00e1 sujeito a um falso negativo por conta da janela imunol\u00f3gica, que pode ser de at\u00e9 14 dias ap\u00f3s o indiv\u00edduo ser infectado.<\/p>\n<p>O SindEnfermeiro finaliza o seu posicionamento pedindo uma apura\u00e7\u00e3o mais detalhada do fato, visto que h\u00e1 um decreto em vigor desde o in\u00edcio da pandemia que pro\u00edbe grandes aglomera\u00e7\u00f5es e imputa a responsabilidade para os seus organizadores \u2013 que podem ser indiciados por propaga\u00e7\u00e3o de doen\u00e7a contagiosa, prevista no artigo 268 do C\u00f3digo Penal Brasileiro, e com pena prevista de um m\u00eas a 1 ano de pris\u00e3o, aumentando em um ter\u00e7o caso o organizador seja agente p\u00fablico ou profissional de sa\u00fade.<\/p>\n<p>O Distrito Federal j\u00e1 possui mais de 34 mil infectados, e perdeu 449 pessoas para o coronav\u00edrus. Cada ato de irresponsabilidade como esse pode ser a senten\u00e7a de morte para tantas outras, inclusive \u00e0queles que voc\u00ea ama.<\/p>\n","protected":false},"excerpt":{"rendered":"<p>&nbsp; O Sindicato dos Enfermeiros do Distrito Federal (SindEnfermeiro-DF) vem, por meio desta nota, manifestar seu posicionamento frente aos questionamentos recebidos sobre uma festa de anivers\u00e1rio com aglomera\u00e7\u00e3o ocorrida no \u00faltimo dia 19 de junho, e que foi tema de reportagens na imprensa pelo descumprimento das medidas de isolamento social e realiza\u00e7\u00e3o de testes para [&hellip;]<\/p>\n","protected":false},"author":6,"featured_media":40029,"comment_status":"open","ping_status":"open","sticky":false,"template":"","format":"standard","meta":{"footnotes":""},"categories":[6,13,5],"tags":[424,454,475,564,566,565],"class_list":["post-40028","post","type-post","status-publish","format-standard","has-post-thumbnail","hentry","category-noticias","category-rede-privada","category-rede-publica","tag-coronavirus","tag-covid-19","tag-epis","tag-nota-de-esclarecimento","tag-reportagem","tag-testes"],"_links":{"self":[{"href":"https:\/\/sindenfermeiro.com.br\/index.php\/wp-json\/wp\/v2\/posts\/40028","targetHints":{"allow":["GET"]}}],"collection":[{"href":"https:\/\/sindenfermeiro.com.br\/index.php\/wp-json\/wp\/v2\/posts"}],"about":[{"href":"https:\/\/sindenfermeiro.com.br\/index.php\/wp-json\/wp\/v2\/types\/post"}],"author":[{"embeddable":true,"href":"https:\/\/sindenfermeiro.com.br\/index.php\/wp-json\/wp\/v2\/users\/6"}],"replies":[{"embeddable":true,"href":"https:\/\/sindenfermeiro.com.br\/index.php\/wp-json\/wp\/v2\/comments?post=40028"}],"version-history":[{"count":1,"href":"https:\/\/sindenfermeiro.com.br\/index.php\/wp-json\/wp\/v2\/posts\/40028\/revisions"}],"predecessor-version":[{"id":40030,"href":"https:\/\/sindenfermeiro.com.br\/index.php\/wp-json\/wp\/v2\/posts\/40028\/revisions\/40030"}],"wp:featuredmedia":[{"embeddable":true,"href":"https:\/\/sindenfermeiro.com.br\/index.php\/wp-json\/wp\/v2\/media\/40029"}],"wp:attachment":[{"href":"https:\/\/sindenfermeiro.com.br\/index.php\/wp-json\/wp\/v2\/media?parent=40028"}],"wp:term":[{"taxonomy":"category","embeddable":true,"href":"https:\/\/sindenfermeiro.com.br\/index.php\/wp-json\/wp\/v2\/categories?post=40028"},{"taxonomy":"post_tag","embeddable":true,"href":"https:\/\/sindenfermeiro.com.br\/index.php\/wp-json\/wp\/v2\/tags?post=40028"}],"curies":[{"name":"wp","href":"https:\/\/api.w.org\/{rel}","templated":true}]}}