{"id":40001,"date":"2020-06-20T14:36:27","date_gmt":"2020-06-20T17:36:27","guid":{"rendered":"https:\/\/sindenfermeiro.com.br\/?p=40001"},"modified":"2026-04-27T06:59:03","modified_gmt":"2026-04-27T09:59:03","slug":"nota-de-pesar-antonio-junior-araujo-silva","status":"publish","type":"post","link":"https:\/\/sindenfermeiro.com.br\/index.php\/2020\/06\/20\/nota-de-pesar-antonio-junior-araujo-silva\/","title":{"rendered":"[Nota de pesar: Ant\u00f4nio J\u00fanior Ara\u00fajo Silva ]"},"content":{"rendered":"<p style=\"text-align: justify\">O Sindicato dos Enfermeiros do Distrito Federal (SindEnfermeiro-DF) lamenta profundamente o falecimento do enfermeiro Ant\u00f4nio J\u00fanior Ara\u00fajo Silva e deixamos aqui nossas condol\u00eancias a seus familiares, amigos e colegas. De acordo com informa\u00e7\u00f5es, mesmo podendo se afastar, Ant\u00f4nio preferiu estar na linha de frente contra a Covid-19.<\/p>\n<p style=\"text-align: justify\">Como institui\u00e7\u00e3o representativa dos enfermeiros, enaltecemos Ant\u00f4nio pelo seu grande profissionalismo, aos mais de 20 anos dedicados \u00e0 enfermagem e pela sua dedica\u00e7\u00e3o ao atendimento de pacientes do Centro de Sa\u00fade 01 do Guar\u00e1 e do Pronto Socorro do Hospital Regional do Guar\u00e1.<\/p>\n<p style=\"text-align: justify\">Infelizmente estamos perdendo mais pessoas. N\u00e3o s\u00e3o apenas n\u00fameros, s\u00e3o pais, m\u00e3es, filhos, filhas, maridos, esposas&#8230; O SindEnfermeiro pede que o Governo proteja os trabalhadores que est\u00e3o na linha de frente. Infelizmente os testes n\u00e3o s\u00e3o suficientes, e muitos EPIs n\u00e3o s\u00e3o de qualidade.<\/p>\n<p style=\"text-align: justify\">O sindicato continuar\u00e1 exigindo e lutando para que os enfermeiros do DF tenham condi\u00e7\u00f5es de desempenhar suas fun\u00e7\u00f5es, mas pedimos que o Governo nos d\u00ea as condi\u00e7\u00f5es para isso acontecer e que n\u00e3o precisemos passar por mais perdas.<\/p>\n<p style=\"text-align: justify\"><strong>O SindEnfermeiro se coloca \u00e0 disposi\u00e7\u00e3o da fam\u00edlia para ajudar no que for poss\u00edvel. Muito obrigado, Ant\u00f4nio!<\/strong><\/p>\n","protected":false},"excerpt":{"rendered":"<p>O Sindicato dos Enfermeiros do Distrito Federal (SindEnfermeiro-DF) lamenta profundamente o falecimento do enfermeiro Ant\u00f4nio J\u00fanior Ara\u00fajo Silva e deixamos aqui nossas condol\u00eancias a seus familiares, amigos e colegas. De acordo com informa\u00e7\u00f5es, mesmo podendo se afastar, Ant\u00f4nio preferiu estar na linha de frente contra a Covid-19. Como institui\u00e7\u00e3o representativa dos enfermeiros, enaltecemos Ant\u00f4nio pelo [&hellip;]<\/p>\n","protected":false},"author":6,"featured_media":37805,"comment_status":"open","ping_status":"open","sticky":false,"template":"","format":"standard","meta":{"footnotes":""},"categories":[6,5],"tags":[497,7,563,149],"class_list":["post-40001","post","type-post","status-publish","format-standard","has-post-thumbnail","hentry","category-noticias","category-rede-publica","tag-acao-conjunta-covid-19","tag-enfermagem","tag-guara","tag-nota-de-pesar"],"_links":{"self":[{"href":"https:\/\/sindenfermeiro.com.br\/index.php\/wp-json\/wp\/v2\/posts\/40001","targetHints":{"allow":["GET"]}}],"collection":[{"href":"https:\/\/sindenfermeiro.com.br\/index.php\/wp-json\/wp\/v2\/posts"}],"about":[{"href":"https:\/\/sindenfermeiro.com.br\/index.php\/wp-json\/wp\/v2\/types\/post"}],"author":[{"embeddable":true,"href":"https:\/\/sindenfermeiro.com.br\/index.php\/wp-json\/wp\/v2\/users\/6"}],"replies":[{"embeddable":true,"href":"https:\/\/sindenfermeiro.com.br\/index.php\/wp-json\/wp\/v2\/comments?post=40001"}],"version-history":[{"count":2,"href":"https:\/\/sindenfermeiro.com.br\/index.php\/wp-json\/wp\/v2\/posts\/40001\/revisions"}],"predecessor-version":[{"id":40003,"href":"https:\/\/sindenfermeiro.com.br\/index.php\/wp-json\/wp\/v2\/posts\/40001\/revisions\/40003"}],"wp:featuredmedia":[{"embeddable":true,"href":"https:\/\/sindenfermeiro.com.br\/index.php\/wp-json\/wp\/v2\/media\/37805"}],"wp:attachment":[{"href":"https:\/\/sindenfermeiro.com.br\/index.php\/wp-json\/wp\/v2\/media?parent=40001"}],"wp:term":[{"taxonomy":"category","embeddable":true,"href":"https:\/\/sindenfermeiro.com.br\/index.php\/wp-json\/wp\/v2\/categories?post=40001"},{"taxonomy":"post_tag","embeddable":true,"href":"https:\/\/sindenfermeiro.com.br\/index.php\/wp-json\/wp\/v2\/tags?post=40001"}],"curies":[{"name":"wp","href":"https:\/\/api.w.org\/{rel}","templated":true}]}}