{"id":39998,"date":"2020-06-19T15:09:05","date_gmt":"2020-06-19T18:09:05","guid":{"rendered":"https:\/\/sindenfermeiro.com.br\/?p=39998"},"modified":"2026-04-26T23:14:35","modified_gmt":"2026-04-27T02:14:35","slug":"nota-de-repudio-acumulo-de-cargos-publicos-pela-vice-presidente-do-igesdf","status":"publish","type":"post","link":"https:\/\/sindenfermeiro.com.br\/index.php\/2020\/06\/19\/nota-de-repudio-acumulo-de-cargos-publicos-pela-vice-presidente-do-igesdf\/","title":{"rendered":"Nota de rep\u00fadio: ac\u00famulo de cargos p\u00fablicos pela vice-presidente do IGESDF"},"content":{"rendered":"<p style=\"text-align: justify\">O Sindicato dos Enfermeiros do Distrito Federal vem por meio dessa nota expressar seu rep\u00fadio frente \u00e0 situa\u00e7\u00e3o denunciada pela reportagem exibida no DFTV 1, da Rede Globo. Na reportagem em quest\u00e3o, foi relatado o ac\u00famulo de cargos da atual vice-presidente do Instituto de Gest\u00e3o Estrat\u00e9gica do Distrito Federal (IGESDF), Emanuela Dourado Rabelo Ferraz.<\/p>\n<p style=\"text-align: justify\">De acordo com a reportagem, al\u00e9m de vice-presid\u00eancia do IGESDF, Emanuela acumularia cargos na C\u00e2mara dos Deputados e no Governo do Piau\u00ed.<\/p>\n<p style=\"text-align: justify\">O SindEnfermeiro-DF observar\u00e1 os desdobramentos da situa\u00e7\u00e3o e refor\u00e7ar\u00e1 a busca por uma maior transpar\u00eancia na gest\u00e3o do Instituto. O sindicato se preocupa com nomea\u00e7\u00f5es indevidas, uma vez que situa\u00e7\u00f5es como essas causam danos ao Estado e prejudicam o bom funcionamento dos servi\u00e7os p\u00fablicos que devem ser prestados a popula\u00e7\u00e3o.<\/p>\n","protected":false},"excerpt":{"rendered":"<p>O Sindicato dos Enfermeiros do Distrito Federal vem por meio dessa nota expressar seu rep\u00fadio frente \u00e0 situa\u00e7\u00e3o denunciada pela reportagem exibida no DFTV 1, da Rede Globo. Na reportagem em quest\u00e3o, foi relatado o ac\u00famulo de cargos da atual vice-presidente do Instituto de Gest\u00e3o Estrat\u00e9gica do Distrito Federal (IGESDF), Emanuela Dourado Rabelo Ferraz. De [&hellip;]<\/p>\n","protected":false},"author":6,"featured_media":39205,"comment_status":"open","ping_status":"open","sticky":false,"template":"","format":"standard","meta":{"footnotes":""},"categories":[6,13],"tags":[7,120,313,251],"class_list":["post-39998","post","type-post","status-publish","format-standard","has-post-thumbnail","hentry","category-noticias","category-rede-privada","tag-enfermagem","tag-gdf","tag-igesdf","tag-nota-de-repudio"],"_links":{"self":[{"href":"https:\/\/sindenfermeiro.com.br\/index.php\/wp-json\/wp\/v2\/posts\/39998","targetHints":{"allow":["GET"]}}],"collection":[{"href":"https:\/\/sindenfermeiro.com.br\/index.php\/wp-json\/wp\/v2\/posts"}],"about":[{"href":"https:\/\/sindenfermeiro.com.br\/index.php\/wp-json\/wp\/v2\/types\/post"}],"author":[{"embeddable":true,"href":"https:\/\/sindenfermeiro.com.br\/index.php\/wp-json\/wp\/v2\/users\/6"}],"replies":[{"embeddable":true,"href":"https:\/\/sindenfermeiro.com.br\/index.php\/wp-json\/wp\/v2\/comments?post=39998"}],"version-history":[{"count":2,"href":"https:\/\/sindenfermeiro.com.br\/index.php\/wp-json\/wp\/v2\/posts\/39998\/revisions"}],"predecessor-version":[{"id":40000,"href":"https:\/\/sindenfermeiro.com.br\/index.php\/wp-json\/wp\/v2\/posts\/39998\/revisions\/40000"}],"wp:featuredmedia":[{"embeddable":true,"href":"https:\/\/sindenfermeiro.com.br\/index.php\/wp-json\/wp\/v2\/media\/39205"}],"wp:attachment":[{"href":"https:\/\/sindenfermeiro.com.br\/index.php\/wp-json\/wp\/v2\/media?parent=39998"}],"wp:term":[{"taxonomy":"category","embeddable":true,"href":"https:\/\/sindenfermeiro.com.br\/index.php\/wp-json\/wp\/v2\/categories?post=39998"},{"taxonomy":"post_tag","embeddable":true,"href":"https:\/\/sindenfermeiro.com.br\/index.php\/wp-json\/wp\/v2\/tags?post=39998"}],"curies":[{"name":"wp","href":"https:\/\/api.w.org\/{rel}","templated":true}]}}