{"id":39988,"date":"2020-06-19T12:12:04","date_gmt":"2020-06-19T15:12:04","guid":{"rendered":"https:\/\/sindenfermeiro.com.br\/?p=39988"},"modified":"2026-04-27T00:19:02","modified_gmt":"2026-04-27T03:19:02","slug":"profissionais-de-home-care-terao-direito-a-piso-salarial","status":"publish","type":"post","link":"https:\/\/sindenfermeiro.com.br\/index.php\/2020\/06\/19\/profissionais-de-home-care-terao-direito-a-piso-salarial\/","title":{"rendered":"Profissionais de home care ter\u00e3o direito a piso salarial"},"content":{"rendered":"<p style=\"text-align: justify\">Foi publicado no Di\u00e1rio Oficial do DF (DODF) a Lei 6598\/2020, do deputado Jorge Vianna, que determina o pagamento m\u00ednimo aos profissionais de cooperativas de home care do Distrito Federal. Al\u00e9m de estabelecer um valor m\u00ednimo para o pagamento desses trabalhadores, o texto tamb\u00e9m regulamenta a jornada de trabalho desses profissionais.<\/p>\n<p style=\"text-align: justify\">De acordo com a determina\u00e7\u00e3o, a retirada mensal m\u00ednima dos profissionais vinculados \u00e0s cooperativas de home care n\u00e3o pode ser inferior ao piso da categoria profissional. Caso n\u00e3o haja piso salarial para essa categoria, o pagamento n\u00e3o pode ser inferior ao sal\u00e1rio m\u00ednimo para a jornada de 20 horas semanais, calculada de forma proporcional \u00e0s horas trabalhadas ou \u00e0s atividades desenvolvidas.<\/p>\n<p style=\"text-align: justify\">A lei tamb\u00e9m estabelece que a dura\u00e7\u00e3o do trabalho normal n\u00e3o seja superior a 8 horas di\u00e1rias e 44 horas semanais, exceto quando a jornada ocorrer por plant\u00f5es ou escalas; repouso semanal remunerado, preferencialmente aos domingos; repouso anual remunerado; retirada para o trabalho noturno superior \u00e0 do diurno; adicional sobre a retirada para as atividades insalubres ou perigosas e que haja seguro de acidente de trabalho.<\/p>\n<p style=\"text-align: justify\">O Sindicato dos Enfermeiros do Distrito Federal encaminhar\u00e1 of\u00edcios para todas as empresas de home care do DF alertando sobre a promulga\u00e7\u00e3o da lei, e fiscalizar\u00e1 seu cumprimento. Al\u00e9m disso, reitera que \u00e9 muito importante que os profissionais dessas cooperativas denunciem o descumprimento da norma.<\/p>\n","protected":false},"excerpt":{"rendered":"<p>Foi publicado no Di\u00e1rio Oficial do DF (DODF) a Lei 6598\/2020, do deputado Jorge Vianna, que determina o pagamento m\u00ednimo aos profissionais de cooperativas de home care do Distrito Federal. Al\u00e9m de estabelecer um valor m\u00ednimo para o pagamento desses trabalhadores, o texto tamb\u00e9m regulamenta a jornada de trabalho desses profissionais. De acordo com a [&hellip;]<\/p>\n","protected":false},"author":6,"featured_media":39990,"comment_status":"open","ping_status":"open","sticky":false,"template":"","format":"standard","meta":{"footnotes":""},"categories":[6,13],"tags":[562,34,7,120,306,134,561,21],"class_list":["post-39988","post","type-post","status-publish","format-standard","has-post-thumbnail","hentry","category-noticias","category-rede-privada","tag-20-horas","tag-cldf","tag-enfermagem","tag-gdf","tag-home-care","tag-jorge-vianna","tag-piso","tag-sindenfermeiro"],"_links":{"self":[{"href":"https:\/\/sindenfermeiro.com.br\/index.php\/wp-json\/wp\/v2\/posts\/39988","targetHints":{"allow":["GET"]}}],"collection":[{"href":"https:\/\/sindenfermeiro.com.br\/index.php\/wp-json\/wp\/v2\/posts"}],"about":[{"href":"https:\/\/sindenfermeiro.com.br\/index.php\/wp-json\/wp\/v2\/types\/post"}],"author":[{"embeddable":true,"href":"https:\/\/sindenfermeiro.com.br\/index.php\/wp-json\/wp\/v2\/users\/6"}],"replies":[{"embeddable":true,"href":"https:\/\/sindenfermeiro.com.br\/index.php\/wp-json\/wp\/v2\/comments?post=39988"}],"version-history":[{"count":5,"href":"https:\/\/sindenfermeiro.com.br\/index.php\/wp-json\/wp\/v2\/posts\/39988\/revisions"}],"predecessor-version":[{"id":39994,"href":"https:\/\/sindenfermeiro.com.br\/index.php\/wp-json\/wp\/v2\/posts\/39988\/revisions\/39994"}],"wp:featuredmedia":[{"embeddable":true,"href":"https:\/\/sindenfermeiro.com.br\/index.php\/wp-json\/wp\/v2\/media\/39990"}],"wp:attachment":[{"href":"https:\/\/sindenfermeiro.com.br\/index.php\/wp-json\/wp\/v2\/media?parent=39988"}],"wp:term":[{"taxonomy":"category","embeddable":true,"href":"https:\/\/sindenfermeiro.com.br\/index.php\/wp-json\/wp\/v2\/categories?post=39988"},{"taxonomy":"post_tag","embeddable":true,"href":"https:\/\/sindenfermeiro.com.br\/index.php\/wp-json\/wp\/v2\/tags?post=39988"}],"curies":[{"name":"wp","href":"https:\/\/api.w.org\/{rel}","templated":true}]}}