{"id":39983,"date":"2020-06-19T09:51:30","date_gmt":"2020-06-19T12:51:30","guid":{"rendered":"https:\/\/sindenfermeiro.com.br\/?p=39983"},"modified":"2026-04-27T06:10:24","modified_gmt":"2026-04-27T09:10:24","slug":"conselho-regional-de-saude-de-brasilia-denuncia-remocao-arbitraria-de-servidores-do-orgao","status":"publish","type":"post","link":"https:\/\/sindenfermeiro.com.br\/index.php\/2020\/06\/19\/conselho-regional-de-saude-de-brasilia-denuncia-remocao-arbitraria-de-servidores-do-orgao\/","title":{"rendered":"Conselho Regional de Sa\u00fade de Bras\u00edlia denuncia remo\u00e7\u00e3o arbitr\u00e1ria de servidores do \u00f3rg\u00e3o"},"content":{"rendered":"<p style=\"text-align: justify\">O Conselho Regional de Sa\u00fade de Bras\u00edlia foi surpreendido na manh\u00e3 da \u00faltima quinta-feira (18), com a remo\u00e7\u00e3o da t\u00e9cnica administrativa que d\u00e1 apoio ao \u00f3rg\u00e3o. O Conselho de Sa\u00fade \u00e9 uma inst\u00e2ncia colegiada, deliberativa e permanente do Sistema \u00danico de Sa\u00fade (SUS) em cada esfera de Governo, integrante da estrutura organizacional do Minist\u00e9rio da Sa\u00fade, da Secretaria de Sa\u00fade dos Estados, do Distrito Federal e dos Munic\u00edpios, com composi\u00e7\u00e3o, organiza\u00e7\u00e3o e compet\u00eancia fixadas na Lei no 8.142\/90.<\/p>\n<p style=\"text-align: justify\">Diante disso, o Conselho de Sa\u00fade atua na formula\u00e7\u00e3o e proposi\u00e7\u00e3o de estrat\u00e9gias e no controle da execu\u00e7\u00e3o das Pol\u00edticas de Sa\u00fade, inclusive nos seus aspectos econ\u00f4micos e financeiros.<\/p>\n<p style=\"text-align: justify\"><strong>Remo\u00e7\u00e3o sem justificativa<\/strong><\/p>\n<p>A remo\u00e7\u00e3o da t\u00e9cnica administrativa se deu de forma abrupta e repentina, uma vez que essa atitude deveria passar pelo plen\u00e1rio do Conselho ou ter ci\u00eancia do presidente do \u00f3rg\u00e3o.<\/p>\n<p style=\"text-align: justify\">O Conselho Regional de Sa\u00fade de Bras\u00edlia \u00e9 formado por membros volunt\u00e1rios, que n\u00e3o ganham nenhuma contrapartida financeira para participarem da entidade. De acordo com a mesa diretora do \u00f3rg\u00e3o, a remo\u00e7\u00e3o da funcion\u00e1ria representa um comprometimento nas atividades do Conselho, uma vez que a t\u00e9cnica administrativa \u00e9 respons\u00e1vel pela elabora\u00e7\u00e3o de documentos &#8211; atas de reuni\u00f5es e etc, acompanhar reuni\u00f5es e dar todo o suporte para seu funcionamento.<\/p>\n<p style=\"text-align: justify\">\u201cSem o apoio da t\u00e9cnica administrativa, \u00e9 invi\u00e1vel que o Conselho continue funcionando, porque n\u00e3o existe outra pessoa que possa dar esse apoio administrativo. \u00c9 de obriga\u00e7\u00e3o da SES e da superintend\u00eancia fornecer um apoio administrativo\u201d, afirmou a mesa diretora do \u00f3rg\u00e3o.<\/p>\n<p style=\"text-align: justify\"><strong>Repres\u00e1lia pela atua\u00e7\u00e3o<\/strong><\/p>\n<p style=\"text-align: justify\">Representantes do Conselho apontam que a remo\u00e7\u00e3o da servidora se deu ap\u00f3s a forte atua\u00e7\u00e3o do Conselho Regional de Sa\u00fade de Bras\u00edlia na A\u00e7\u00e3o Conjunta Covid-19, iniciativa que re\u00fane, COREN, ABEn-DF, OAB-DF, SindEnfermeiro Conselho de Sa\u00fade do DF, Conselho Regional de Sa\u00fade de Bras\u00edlia e a Comiss\u00e3o de Direitos Humanos da C\u00e2mara Legislativa e aver\u00edgua a situa\u00e7\u00e3o enfrentada por trabalhadores da sa\u00fade e popula\u00e7\u00e3o do DF nas unidades de sa\u00fade.<\/p>\n<p style=\"text-align: justify\">O grupo tem denunciado diversas irregularidades encontradas em hospitais, unidades de pronto atendimento e unidades b\u00e1sicas de sa\u00fade por todo o Distrito Federal.<\/p>\n","protected":false},"excerpt":{"rendered":"<p>O Conselho Regional de Sa\u00fade de Bras\u00edlia foi surpreendido na manh\u00e3 da \u00faltima quinta-feira (18), com a remo\u00e7\u00e3o da t\u00e9cnica administrativa que d\u00e1 apoio ao \u00f3rg\u00e3o. O Conselho de Sa\u00fade \u00e9 uma inst\u00e2ncia colegiada, deliberativa e permanente do Sistema \u00danico de Sa\u00fade (SUS) em cada esfera de Governo, integrante da estrutura organizacional do Minist\u00e9rio da [&hellip;]<\/p>\n","protected":false},"author":6,"featured_media":39985,"comment_status":"open","ping_status":"open","sticky":false,"template":"","format":"standard","meta":{"footnotes":""},"categories":[6,5],"tags":[502,559,424,560,120,171],"class_list":["post-39983","post","type-post","status-publish","format-standard","has-post-thumbnail","hentry","category-noticias","category-rede-publica","tag-acao-conjunta","tag-conselho-regional-de-saude-de-brasilia","tag-coronavirus","tag-denunica","tag-gdf","tag-saude-df"],"_links":{"self":[{"href":"https:\/\/sindenfermeiro.com.br\/index.php\/wp-json\/wp\/v2\/posts\/39983","targetHints":{"allow":["GET"]}}],"collection":[{"href":"https:\/\/sindenfermeiro.com.br\/index.php\/wp-json\/wp\/v2\/posts"}],"about":[{"href":"https:\/\/sindenfermeiro.com.br\/index.php\/wp-json\/wp\/v2\/types\/post"}],"author":[{"embeddable":true,"href":"https:\/\/sindenfermeiro.com.br\/index.php\/wp-json\/wp\/v2\/users\/6"}],"replies":[{"embeddable":true,"href":"https:\/\/sindenfermeiro.com.br\/index.php\/wp-json\/wp\/v2\/comments?post=39983"}],"version-history":[{"count":3,"href":"https:\/\/sindenfermeiro.com.br\/index.php\/wp-json\/wp\/v2\/posts\/39983\/revisions"}],"predecessor-version":[{"id":39987,"href":"https:\/\/sindenfermeiro.com.br\/index.php\/wp-json\/wp\/v2\/posts\/39983\/revisions\/39987"}],"wp:featuredmedia":[{"embeddable":true,"href":"https:\/\/sindenfermeiro.com.br\/index.php\/wp-json\/wp\/v2\/media\/39985"}],"wp:attachment":[{"href":"https:\/\/sindenfermeiro.com.br\/index.php\/wp-json\/wp\/v2\/media?parent=39983"}],"wp:term":[{"taxonomy":"category","embeddable":true,"href":"https:\/\/sindenfermeiro.com.br\/index.php\/wp-json\/wp\/v2\/categories?post=39983"},{"taxonomy":"post_tag","embeddable":true,"href":"https:\/\/sindenfermeiro.com.br\/index.php\/wp-json\/wp\/v2\/tags?post=39983"}],"curies":[{"name":"wp","href":"https:\/\/api.w.org\/{rel}","templated":true}]}}