{"id":39980,"date":"2020-06-18T11:48:55","date_gmt":"2020-06-18T14:48:55","guid":{"rendered":"https:\/\/sindenfermeiro.com.br\/?p=39980"},"modified":"2026-04-26T23:17:43","modified_gmt":"2026-04-27T02:17:43","slug":"passe-livre-apos-suspensao-da-lei-no-6592-semob-regulamenta-beneficio-aos-profissionais-de-saude","status":"publish","type":"post","link":"https:\/\/sindenfermeiro.com.br\/index.php\/2020\/06\/18\/passe-livre-apos-suspensao-da-lei-no-6592-semob-regulamenta-beneficio-aos-profissionais-de-saude\/","title":{"rendered":"Passe Livre: ap\u00f3s suspens\u00e3o da Lei n\u00ba 6592, SEMOB regulamenta benef\u00edcio aos profissionais de sa\u00fade"},"content":{"rendered":"<div id=\"attachment_39981\" style=\"width: 568px\" class=\"wp-caption aligncenter\"><img loading=\"lazy\" decoding=\"async\" aria-describedby=\"caption-attachment-39981\" class=\"wp-image-39981\" src=\"https:\/\/sindenfermeiro.com.br\/wp-content\/uploads\/2020\/06\/interna1-scaled.jpg\" alt=\"\" width=\"558\" height=\"371\" srcset=\"https:\/\/sindenfermeiro.com.br\/wp-content\/uploads\/2020\/06\/interna1-scaled.jpg 2560w, https:\/\/sindenfermeiro.com.br\/wp-content\/uploads\/2020\/06\/interna1-300x199.jpg 300w, https:\/\/sindenfermeiro.com.br\/wp-content\/uploads\/2020\/06\/interna1-1024x680.jpg 1024w, https:\/\/sindenfermeiro.com.br\/wp-content\/uploads\/2020\/06\/interna1-768x510.jpg 768w, https:\/\/sindenfermeiro.com.br\/wp-content\/uploads\/2020\/06\/interna1-1536x1020.jpg 1536w, https:\/\/sindenfermeiro.com.br\/wp-content\/uploads\/2020\/06\/interna1-2048x1360.jpg 2048w\" sizes=\"auto, (max-width: 558px) 100vw, 558px\" \/><p id=\"caption-attachment-39981\" class=\"wp-caption-text\">Foto: Reprodu\u00e7\u00e3o\/Google Imagens<\/p><\/div>\n<p>A Secretaria de Mobilidade (SEMOB) publicou, na \u00faltima quarta, (17), a Portaria n\u00ba 98\/2020 \u2013 que determina as normas para a concess\u00e3o do passe livre aos profissionais de sa\u00fade que atuam na linha de frente contra o coronav\u00edrus. Segundo o documento, os trabalhadores agora ter\u00e3o um cart\u00e3o para o acesso nos ve\u00edculos, que deve ser apresentado junto a um documento de identifica\u00e7\u00e3o profissional com foto.<\/p>\n<p>Para obter o benef\u00edcio \u2013 v\u00e1lido para enfermeiros, m\u00e9dicos, t\u00e9cnicos e auxiliares em enfermagem, o profissional deve se dirigir a um dos postos do BRB Mobilidade e levar um documento oficial com n\u00famero do CPF, comprovante de exerc\u00edcio da profiss\u00e3o, al\u00e9m de ter um endere\u00e7o de e-mail dispon\u00edvel.<\/p>\n<p>Para a primeira via do cart\u00e3o, os trabalhadores n\u00e3o ter\u00e3o necessidade de pagar qualquer taxa pela emiss\u00e3o. No entanto, em caso de furto, roubo ou perda, \u00e9 obrigat\u00f3rio que seja feito o Boletim de Ocorr\u00eancia comunicando o fato \u2013 que deve ser apresentado para a obten\u00e7\u00e3o da segunda via, juntamente com o pagamento de taxa correspondente a duas vezes o maior valor da tarifa em vigor.<\/p>\n<p>Caso o trabalhador tenha direito a vale-transporte ou aux\u00edlio, o mesmo deve informar ao empregador a solicita\u00e7\u00e3o do benef\u00edcio com anteced\u00eancia, para que sejam feitos os ajustes necess\u00e1rios \u00e0 concess\u00e3o. O uso indevido do passe livre \u2013 que \u00e9 pessoal e intransfer\u00edvel \u2013 ser\u00e1 penalizado com infra\u00e7\u00e3o prevista nos termos da lei.<\/p>\n<p><strong>Benef\u00edcio havia sido suspenso<\/strong><\/p>\n<p>A Lei n\u00ba 6592\/2020, promulgada em 4 de junho pela C\u00e2mara Legislativa (CLDF), previa o passe livre aos trabalhadores da sa\u00fade enquanto perdurar o estado de calamidade provocado pela pandemia. No entanto, a norma n\u00e3o estabelecia crit\u00e9rios exatos para a obten\u00e7\u00e3o do benef\u00edcio, o que gerou confus\u00f5es entre as empresas de transporte p\u00fablico e os trabalhadores. Nesse cen\u00e1rio, a Secretaria de Mobilidade decidiu suspender a lei, para que fossem ajustados os detalhes relativos \u00e0 identifica\u00e7\u00e3o e o controle de concess\u00e3o do passe livre aos profissionais.<\/p>\n","protected":false},"excerpt":{"rendered":"<p>A Secretaria de Mobilidade (SEMOB) publicou, na \u00faltima quarta, (17), a Portaria n\u00ba 98\/2020 \u2013 que determina as normas para a concess\u00e3o do passe livre aos profissionais de sa\u00fade que atuam na linha de frente contra o coronav\u00edrus. Segundo o documento, os trabalhadores agora ter\u00e3o um cart\u00e3o para o acesso nos ve\u00edculos, que deve ser [&hellip;]<\/p>\n","protected":false},"author":6,"featured_media":39981,"comment_status":"open","ping_status":"open","sticky":false,"template":"","format":"standard","meta":{"footnotes":""},"categories":[6,13,5],"tags":[54,120,558,552,557],"class_list":["post-39980","post","type-post","status-publish","format-standard","has-post-thumbnail","hentry","category-noticias","category-rede-privada","category-rede-publica","tag-enfermeiros","tag-gdf","tag-lei-6592","tag-passe-livre","tag-semob"],"_links":{"self":[{"href":"https:\/\/sindenfermeiro.com.br\/index.php\/wp-json\/wp\/v2\/posts\/39980","targetHints":{"allow":["GET"]}}],"collection":[{"href":"https:\/\/sindenfermeiro.com.br\/index.php\/wp-json\/wp\/v2\/posts"}],"about":[{"href":"https:\/\/sindenfermeiro.com.br\/index.php\/wp-json\/wp\/v2\/types\/post"}],"author":[{"embeddable":true,"href":"https:\/\/sindenfermeiro.com.br\/index.php\/wp-json\/wp\/v2\/users\/6"}],"replies":[{"embeddable":true,"href":"https:\/\/sindenfermeiro.com.br\/index.php\/wp-json\/wp\/v2\/comments?post=39980"}],"version-history":[{"count":2,"href":"https:\/\/sindenfermeiro.com.br\/index.php\/wp-json\/wp\/v2\/posts\/39980\/revisions"}],"predecessor-version":[{"id":41494,"href":"https:\/\/sindenfermeiro.com.br\/index.php\/wp-json\/wp\/v2\/posts\/39980\/revisions\/41494"}],"wp:featuredmedia":[{"embeddable":true,"href":"https:\/\/sindenfermeiro.com.br\/index.php\/wp-json\/wp\/v2\/media\/39981"}],"wp:attachment":[{"href":"https:\/\/sindenfermeiro.com.br\/index.php\/wp-json\/wp\/v2\/media?parent=39980"}],"wp:term":[{"taxonomy":"category","embeddable":true,"href":"https:\/\/sindenfermeiro.com.br\/index.php\/wp-json\/wp\/v2\/categories?post=39980"},{"taxonomy":"post_tag","embeddable":true,"href":"https:\/\/sindenfermeiro.com.br\/index.php\/wp-json\/wp\/v2\/tags?post=39980"}],"curies":[{"name":"wp","href":"https:\/\/api.w.org\/{rel}","templated":true}]}}