{"id":39948,"date":"2020-06-18T09:23:24","date_gmt":"2020-06-18T12:23:24","guid":{"rendered":"https:\/\/sindenfermeiro.com.br\/?p=39948"},"modified":"2026-04-26T23:17:19","modified_gmt":"2026-04-27T02:17:19","slug":"acao-conjunta-covid-19-visita-upa-do-nucleo-bandeirante-para-averiguar-condicoes-de-trabalho","status":"publish","type":"post","link":"https:\/\/sindenfermeiro.com.br\/index.php\/2020\/06\/18\/acao-conjunta-covid-19-visita-upa-do-nucleo-bandeirante-para-averiguar-condicoes-de-trabalho\/","title":{"rendered":"A\u00e7\u00e3o Conjunta Covid-19 visita UPA do N\u00facleo Bandeirante para averiguar condi\u00e7\u00f5es de trabalho"},"content":{"rendered":"<p style=\"text-align: justify\">A Unidade de Pronto Atendimento (UPA) do N\u00facleo Bandeirante recebeu, na manh\u00e3 da \u00faltima quarta (17), a visita da A\u00e7\u00e3o Conjunta Covid-19 \u2013 iniciativa que re\u00fane SindEnfermeiro-DF, COREN, ABEn-DF, OAB-DF, Conselho de Sa\u00fade do DF e a Comiss\u00e3o de Direitos Humanos da C\u00e2mara Legislativa. O grupo esteve na institui\u00e7\u00e3o para acompanhar a rotina dos trabalhadores, equipamentos de prote\u00e7\u00e3o individual, o fluxo de atendimento e a retaguarda dos servi\u00e7os, assim como a seguran\u00e7a dos profissionais e a coleta dos exames feitos pelos pacientes com suspeita de Covid-19.<\/p>\n<p style=\"text-align: justify\">Durante a visita, ficou constatado que a unidade possui boas condi\u00e7\u00f5es gerais de funcionamento. No entanto, a superlota\u00e7\u00e3o foi um dos pontos que chamou negativamente a aten\u00e7\u00e3o \u2013 visto que 38 dos 42 leitos dispon\u00edveis na UPA est\u00e3o ocupados. Al\u00e9m disso, tamb\u00e9m h\u00e1 problemas no direcionamento dos pacientes que procuram os servi\u00e7os de cl\u00ednica m\u00e9dica, j\u00e1 que n\u00e3o existe um protocolo definido para o encaminhamento.<\/p>\n<p style=\"text-align: justify\">Outro ponto que foi apontado na visita e gerou grande preocupa\u00e7\u00e3o diz respeito ao espa\u00e7o para a coleta dos exames de Covid-19, que se encontra muito pr\u00f3ximo \u00e0 \u00e1rea destinada para o descarte do lixo hospitalar.<\/p>\n<p style=\"text-align: justify\">A presidente do SindEnfermeiro, Dayse Amar\u00edlio \u2013 que participou da visita \u2013 pediu para que a popula\u00e7\u00e3o evite procurar a unidade do N\u00facleo Bandeirante, tendo em vista que h\u00e1 dificuldades para prestar assist\u00eancia a esses pacientes. Segundo Dayse, os membros da A\u00e7\u00e3o Conjunta ir\u00e3o propor ao GDF que estabele\u00e7a um protocolo de direcionamento desses pacientes para a Policl\u00ednica do N\u00facleo Bandeirante, estruturando a unidade para receber esse fluxo.<\/p>\n<p style=\"text-align: justify\">\u201cN\u00f3s encontramos pacientes com Covid \u2013 inclusive entubados \u2013 dividindo as tendas com pessoas que procuraram a UPA com sintomas de dengue ou precisam de algum servi\u00e7o da cl\u00ednica m\u00e9dica. Por isso, \u00e9 importante que nesse momento a popula\u00e7\u00e3o evite procurar a UPA buscando atendimento de cl\u00ednica m\u00e9dica\u201d, afirmou.<\/p>\n<p style=\"text-align: justify\">Ap\u00f3s essa visita, ser\u00e1 elaborado um relat\u00f3rio com toda a situa\u00e7\u00e3o encontrada na unidade, as den\u00fancias ser\u00e3o encaminhadas para o Minist\u00e9rio P\u00fablico do Trabalho, e as institui\u00e7\u00f5es cobrar\u00e3o do IGESDF a resolu\u00e7\u00e3o dos problemas o mais r\u00e1pido poss\u00edvel.<\/p>\n","protected":false},"excerpt":{"rendered":"<p>A Unidade de Pronto Atendimento (UPA) do N\u00facleo Bandeirante recebeu, na manh\u00e3 da \u00faltima quarta (17), a visita da A\u00e7\u00e3o Conjunta Covid-19 \u2013 iniciativa que re\u00fane SindEnfermeiro-DF, COREN, ABEn-DF, OAB-DF, Conselho de Sa\u00fade do DF e a Comiss\u00e3o de Direitos Humanos da C\u00e2mara Legislativa. O grupo esteve na institui\u00e7\u00e3o para acompanhar a rotina dos trabalhadores, [&hellip;]<\/p>\n","protected":false},"author":6,"featured_media":39956,"comment_status":"open","ping_status":"open","sticky":false,"template":"","format":"standard","meta":{"footnotes":""},"categories":[6,13,5],"tags":[502,484,7,464,21,56],"class_list":["post-39948","post","type-post","status-publish","format-standard","has-post-thumbnail","hentry","category-noticias","category-rede-privada","category-rede-publica","tag-acao-conjunta","tag-covid","tag-enfermagem","tag-novo-coronavirus","tag-sindenfermeiro","tag-sindicato"],"_links":{"self":[{"href":"https:\/\/sindenfermeiro.com.br\/index.php\/wp-json\/wp\/v2\/posts\/39948","targetHints":{"allow":["GET"]}}],"collection":[{"href":"https:\/\/sindenfermeiro.com.br\/index.php\/wp-json\/wp\/v2\/posts"}],"about":[{"href":"https:\/\/sindenfermeiro.com.br\/index.php\/wp-json\/wp\/v2\/types\/post"}],"author":[{"embeddable":true,"href":"https:\/\/sindenfermeiro.com.br\/index.php\/wp-json\/wp\/v2\/users\/6"}],"replies":[{"embeddable":true,"href":"https:\/\/sindenfermeiro.com.br\/index.php\/wp-json\/wp\/v2\/comments?post=39948"}],"version-history":[{"count":4,"href":"https:\/\/sindenfermeiro.com.br\/index.php\/wp-json\/wp\/v2\/posts\/39948\/revisions"}],"predecessor-version":[{"id":39979,"href":"https:\/\/sindenfermeiro.com.br\/index.php\/wp-json\/wp\/v2\/posts\/39948\/revisions\/39979"}],"wp:featuredmedia":[{"embeddable":true,"href":"https:\/\/sindenfermeiro.com.br\/index.php\/wp-json\/wp\/v2\/media\/39956"}],"wp:attachment":[{"href":"https:\/\/sindenfermeiro.com.br\/index.php\/wp-json\/wp\/v2\/media?parent=39948"}],"wp:term":[{"taxonomy":"category","embeddable":true,"href":"https:\/\/sindenfermeiro.com.br\/index.php\/wp-json\/wp\/v2\/categories?post=39948"},{"taxonomy":"post_tag","embeddable":true,"href":"https:\/\/sindenfermeiro.com.br\/index.php\/wp-json\/wp\/v2\/tags?post=39948"}],"curies":[{"name":"wp","href":"https:\/\/api.w.org\/{rel}","templated":true}]}}