{"id":39929,"date":"2020-06-17T13:14:38","date_gmt":"2020-06-17T16:14:38","guid":{"rendered":"https:\/\/sindenfermeiro.com.br\/?p=39929"},"modified":"2026-04-27T07:26:51","modified_gmt":"2026-04-27T10:26:51","slug":"presidente-do-sindenfermeiro-participara-do-comite-de-monitoramento-a-saude-dos-servidores-do-df","status":"publish","type":"post","link":"https:\/\/sindenfermeiro.com.br\/index.php\/2020\/06\/17\/presidente-do-sindenfermeiro-participara-do-comite-de-monitoramento-a-saude-dos-servidores-do-df\/","title":{"rendered":"Presidente do SindEnfermeiro participar\u00e1 do Comit\u00ea de Monitoramento \u00e0 Sa\u00fade dos Servidores do DF"},"content":{"rendered":"<p><img loading=\"lazy\" decoding=\"async\" class=\"alignnone size-medium wp-image-39930 aligncenter\" src=\"https:\/\/sindenfermeiro.com.br\/wp-content\/uploads\/2020\/06\/WhatsApp-Image-2020-06-17-at-10.57.39-300x200.jpeg\" alt=\"\" width=\"300\" height=\"200\" srcset=\"https:\/\/sindenfermeiro.com.br\/wp-content\/uploads\/2020\/06\/WhatsApp-Image-2020-06-17-at-10.57.39-300x200.jpeg 300w, https:\/\/sindenfermeiro.com.br\/wp-content\/uploads\/2020\/06\/WhatsApp-Image-2020-06-17-at-10.57.39-1024x682.jpeg 1024w, https:\/\/sindenfermeiro.com.br\/wp-content\/uploads\/2020\/06\/WhatsApp-Image-2020-06-17-at-10.57.39-768x512.jpeg 768w, https:\/\/sindenfermeiro.com.br\/wp-content\/uploads\/2020\/06\/WhatsApp-Image-2020-06-17-at-10.57.39.jpeg 1280w\" sizes=\"auto, (max-width: 300px) 100vw, 300px\" \/><\/p>\n<p style=\"text-align: justify\">A presidente do Sindicato dos Enfermeiros do Distrito Federal, Dayse Amar\u00edlio, integrar\u00e1 o Comit\u00ea de Monitoramento \u00e0 Sa\u00fade dos Servidores do Distrito Federal. O comit\u00ea foi criado pela Secretaria de Sa\u00fade (SES) com o objetivo de normatizar, monitorar e direcionar a implementa\u00e7\u00e3o de estrat\u00e9gias que visem a integra\u00e7\u00e3o de a\u00e7\u00f5es de preven\u00e7\u00e3o, aten\u00e7\u00e3o e de vigil\u00e2ncia \u00e0 sa\u00fade dos servidores.<\/p>\n<p style=\"text-align: justify\">O comit\u00ea foi criado pela Portaria n\u00ba 332 &#8211; publicada no Di\u00e1rio Oficial do DF na \u00faltima ter\u00e7a (16) -, e \u00e9 uma resposta \u00e0 quantidade crescente de servidores contaminados pelo novo coronav\u00edrus. De acordo com o boletim divulgado pela SES no dia 16 de junho, 1389 trabalhadores da sa\u00fade se infectaram com a Covid-19 e 5 vieram \u00e0 \u00f3bito.<\/p>\n<p style=\"text-align: justify\">Para a presidente do SindEnfermeiro, Dayse Amar\u00edlio, a implementa\u00e7\u00e3o do comit\u00ea aconteceu de maneira tardia e que deveria ter acontecido de maneira precoce. \u201cUma das minhas grandes preocupa\u00e7\u00f5es \u00e9 que o comit\u00ea seja utilizado para validar a\u00e7\u00f5es sem que os membros realmente tenham voz\u201d, destacou.<\/p>\n<p style=\"text-align: justify\">\u201c\u00c9 preciso ter uma participa\u00e7\u00e3o real, mas estaremos vigilantes. Outro ponto \u00e9 a falta de representa\u00e7\u00e3o dos trabalhadores nos comit\u00eas locais, de acordo com a portaria, os comit\u00eas locais s\u00f3 t\u00eam participa\u00e7\u00e3o de gestores\u201d, pontuou Dayse.<\/p>\n<p style=\"text-align: justify\">Al\u00e9m de acompanhar e construir estrat\u00e9gias de preven\u00e7\u00e3o, vigil\u00e2ncia e aten\u00e7\u00e3o \u00e0 sa\u00fade dos trabalhadores, o comit\u00ea \u00e9 respons\u00e1vel por um plano de trabalho que dever\u00e1 ser executado em toda a rede p\u00fablica de sa\u00fade. O grupo \u00e9 formado por entidades representativas de classe, parlamentares e representantes das diversas diretorias da SES.<\/p>\n","protected":false},"excerpt":{"rendered":"<p>A presidente do Sindicato dos Enfermeiros do Distrito Federal, Dayse Amar\u00edlio, integrar\u00e1 o Comit\u00ea de Monitoramento \u00e0 Sa\u00fade dos Servidores do Distrito Federal. O comit\u00ea foi criado pela Secretaria de Sa\u00fade (SES) com o objetivo de normatizar, monitorar e direcionar a implementa\u00e7\u00e3o de estrat\u00e9gias que visem a integra\u00e7\u00e3o de a\u00e7\u00f5es de preven\u00e7\u00e3o, aten\u00e7\u00e3o e de [&hellip;]<\/p>\n","protected":false},"author":6,"featured_media":39930,"comment_status":"open","ping_status":"open","sticky":false,"template":"","format":"standard","meta":{"footnotes":""},"categories":[6,5],"tags":[454,222,7,99,464,554,236,21],"class_list":["post-39929","post","type-post","status-publish","format-standard","has-post-thumbnail","hentry","category-noticias","category-rede-publica","tag-covid-19","tag-dayse-amarilio","tag-enfermagem","tag-enfermagem-df","tag-novo-coronavirus","tag-nurse","tag-ses","tag-sindenfermeiro"],"_links":{"self":[{"href":"https:\/\/sindenfermeiro.com.br\/index.php\/wp-json\/wp\/v2\/posts\/39929","targetHints":{"allow":["GET"]}}],"collection":[{"href":"https:\/\/sindenfermeiro.com.br\/index.php\/wp-json\/wp\/v2\/posts"}],"about":[{"href":"https:\/\/sindenfermeiro.com.br\/index.php\/wp-json\/wp\/v2\/types\/post"}],"author":[{"embeddable":true,"href":"https:\/\/sindenfermeiro.com.br\/index.php\/wp-json\/wp\/v2\/users\/6"}],"replies":[{"embeddable":true,"href":"https:\/\/sindenfermeiro.com.br\/index.php\/wp-json\/wp\/v2\/comments?post=39929"}],"version-history":[{"count":3,"href":"https:\/\/sindenfermeiro.com.br\/index.php\/wp-json\/wp\/v2\/posts\/39929\/revisions"}],"predecessor-version":[{"id":39933,"href":"https:\/\/sindenfermeiro.com.br\/index.php\/wp-json\/wp\/v2\/posts\/39929\/revisions\/39933"}],"wp:featuredmedia":[{"embeddable":true,"href":"https:\/\/sindenfermeiro.com.br\/index.php\/wp-json\/wp\/v2\/media\/39930"}],"wp:attachment":[{"href":"https:\/\/sindenfermeiro.com.br\/index.php\/wp-json\/wp\/v2\/media?parent=39929"}],"wp:term":[{"taxonomy":"category","embeddable":true,"href":"https:\/\/sindenfermeiro.com.br\/index.php\/wp-json\/wp\/v2\/categories?post=39929"},{"taxonomy":"post_tag","embeddable":true,"href":"https:\/\/sindenfermeiro.com.br\/index.php\/wp-json\/wp\/v2\/tags?post=39929"}],"curies":[{"name":"wp","href":"https:\/\/api.w.org\/{rel}","templated":true}]}}